{"id":6972,"date":"2025-07-02T01:07:24","date_gmt":"2025-07-02T01:07:24","guid":{"rendered":"https:\/\/lavereda.com.mx\/?p=6972"},"modified":"2025-07-02T01:07:24","modified_gmt":"2025-07-02T01:07:24","slug":"el-dueto-miro-de-piano-y-violoncello-ofrece-concierto","status":"publish","type":"post","link":"https:\/\/lavereda.com.mx\/index.php\/2025\/07\/02\/el-dueto-miro-de-piano-y-violoncello-ofrece-concierto\/","title":{"rendered":"El Dueto Mir\u00f3 de piano y violoncello ofrece concierto"},"content":{"rendered":"\n<p>Como parte del Festival de M\u00fasica de C\u00e1mara, el Instituto Municipal de Cultura y Educaci\u00f3n invita a la presentaci\u00f3n del Dueto Mir\u00f3, un ensamble de piano y violoncello, este mi\u00e9rcoles 2 de julio en el Teatro Isauro Mart\u00ednez.<\/p>\n\n\n\n<p>El p\u00fablico podr\u00e1 disfrutar de un programa variado de piezas del repertorio cl\u00e1sico con las grandes interpretaciones de Jos\u00e9 Luis Herrera a cargo del violoncello y Jos\u00e9 Mar\u00eda Espinosa a cargo del piano.<\/p>\n\n\n\n<p>Entre las piezas musicales se encontrar\u00e1n obras de C\u00e9sar Franck, Antonin Dvor\u00e1k, Enrique Granados, Manuel de Falla y Gasspar Cassad\u00f3. El concierto iniciar\u00e1 a las 20:00 horas y los boletos tendr\u00e1n una cuota de recuperaci\u00f3n de 80 pesos.<\/p>\n\n\n\n<p>El Dueto Mir\u00f3 es un ensamble de violonchelo y piano especializado en la interpretaci\u00f3n del repertorio de los siglos XIX y XX que surge de la pasi\u00f3n por las obras para esta dotaci\u00f3n abarcando desde Beethoven hasta Shostakovich, produciendo interpretaciones que destacan por su virtuosismo e intensidad, dando su primer concierto en el a\u00f1o 2023.<\/p>\n\n\n\n<p>Co-fundadores de la Sociedad de Conciertos \u201cCoronel\u201d en Zacatecas, los maestros Jos\u00e9 Mar\u00eda Espinoza en el piano y Jos\u00e9 Luis Herrera en el violonchelo, han recibido una formaci\u00f3n destacada en M\u00e9xico y el extranjero, y cuentan con una trayectoria ya reconocida como concertistas y pedagogos. El Dueto Mir\u00f3 ha ofrecido en corto tiempo memorables presentaciones que han cautivado a audiencias en varios estados del pa\u00eds, contribuyendo as\u00ed a la escena mexicana de la m\u00fasica de c\u00e1mara con una propuesta de alta calidad musical.<\/p>\n\n\n\n<p>El maestro Herrera recibi\u00f3 su t\u00edtulo de licenciatura con menci\u00f3n honor\u00edfica en el Conservatorio de las Rosas (Morelia, Michoac\u00e1n), y obtuvo el grado de Maestr\u00eda en Kent State University.<\/p>\n\n\n\n<p>Por su parte, el maestro Espinoza, despu\u00e9s de concluir en solo 2 a\u00f1os el programa de 6 a\u00f1os de la Escuela de Iniciaci\u00f3n Musical \u201cJuli\u00e1n Carrillo\u201d, se grad\u00faa con honores del Chicago College of Performing Arts de la Roosevelt University, donde obtuvo su licenciatura bajo la tutela de Jorge Federico Osorio. En 2022 completa la maestr\u00eda en ejecuci\u00f3n en la&nbsp;<em>Hochschule f\u00fcr Musik Karlsruhe.<\/em><\/p>\n","protected":false},"excerpt":{"rendered":"<p>Como parte del Festival de M\u00fasica de C\u00e1mara, el Instituto Municipal de Cultura y Educaci\u00f3n invita a la presentaci\u00f3n del Dueto Mir\u00f3, un ensamble de piano y violoncello, este mi\u00e9rcoles &hellip; <a href=\"https:\/\/lavereda.com.mx\/index.php\/2025\/07\/02\/el-dueto-miro-de-piano-y-violoncello-ofrece-concierto\/\" class=\"more-link\">Leer m\u00e1s<\/a><\/p>\n","protected":false},"author":1,"featured_media":6973,"comment_status":"open","ping_status":"open","sticky":false,"template":"","format":"standard","meta":{"footnotes":""},"categories":[4],"tags":[],"class_list":["post-6972","post","type-post","status-publish","format-standard","has-post-thumbnail","hentry","category-musica","entry"],"_links":{"self":[{"href":"https:\/\/lavereda.com.mx\/index.php\/wp-json\/wp\/v2\/posts\/6972","targetHints":{"allow":["GET"]}}],"collection":[{"href":"https:\/\/lavereda.com.mx\/index.php\/wp-json\/wp\/v2\/posts"}],"about":[{"href":"https:\/\/lavereda.com.mx\/index.php\/wp-json\/wp\/v2\/types\/post"}],"author":[{"embeddable":true,"href":"https:\/\/lavereda.com.mx\/index.php\/wp-json\/wp\/v2\/users\/1"}],"replies":[{"embeddable":true,"href":"https:\/\/lavereda.com.mx\/index.php\/wp-json\/wp\/v2\/comments?post=6972"}],"version-history":[{"count":1,"href":"https:\/\/lavereda.com.mx\/index.php\/wp-json\/wp\/v2\/posts\/6972\/revisions"}],"predecessor-version":[{"id":6974,"href":"https:\/\/lavereda.com.mx\/index.php\/wp-json\/wp\/v2\/posts\/6972\/revisions\/6974"}],"wp:featuredmedia":[{"embeddable":true,"href":"https:\/\/lavereda.com.mx\/index.php\/wp-json\/wp\/v2\/media\/6973"}],"wp:attachment":[{"href":"https:\/\/lavereda.com.mx\/index.php\/wp-json\/wp\/v2\/media?parent=6972"}],"wp:term":[{"taxonomy":"category","embeddable":true,"href":"https:\/\/lavereda.com.mx\/index.php\/wp-json\/wp\/v2\/categories?post=6972"},{"taxonomy":"post_tag","embeddable":true,"href":"https:\/\/lavereda.com.mx\/index.php\/wp-json\/wp\/v2\/tags?post=6972"}],"curies":[{"name":"wp","href":"https:\/\/api.w.org\/{rel}","templated":true}]}}