{"id":697,"date":"2020-10-03T19:39:47","date_gmt":"2020-10-03T19:39:47","guid":{"rendered":"http:\/\/lavereda.com.mx\/?p=697"},"modified":"2020-10-03T19:39:49","modified_gmt":"2020-10-03T19:39:49","slug":"por-primera-vez-la-fil-de-guadalajara-sera-virtual","status":"publish","type":"post","link":"https:\/\/lavereda.com.mx\/index.php\/2020\/10\/03\/por-primera-vez-la-fil-de-guadalajara-sera-virtual\/","title":{"rendered":"Por primera vez, la FIL de Guadalajara ser\u00e1 virtual"},"content":{"rendered":"\n<p>GUADALAJARA.- Al no haber condiciones para su realizaci\u00f3n presencial, y por recomendaci\u00f3n de la Sala de Situaci\u00f3n en Salud por Covid-19 de la Universidad de Guadalajara, la edici\u00f3n 34 de la Feria Internacional del Libro de Guadalajara se volcar\u00e1 al mundo virtual, del 28 de noviembre al 6 de diciembre, informaron ayer los organizadores en rueda de prensa.<\/p>\n\n\n\n<p>Se contar\u00e1 con una serie de contenidos digitales literarios, acad\u00e9micos y de divulgaci\u00f3n cient\u00edfica, adem\u00e1s de un Mercado de Libros y una plataforma de negocios para los profesionales de la industria editorial. El programa de actividades se presentar\u00e1 a finales de octubre.\u00a0<\/p>\n\n\n\n<blockquote class=\"wp-block-quote is-layout-flow wp-block-quote-is-layout-flow\"><p>\u201c2020 ha sido un a\u00f1o dif\u00edcil en todos los \u00e1mbitos de la vida p\u00fablica. Para la FIL Guadalajara es un a\u00f1o de contrastes. Por un lado, tendremos la enorme alegr\u00eda de recibir, el pr\u00f3ximo 16 de octubre, el Premio Princesa de Asturias de Comunicaci\u00f3n y Humanidades\u201d, dijo en conferencia de prensa Ra\u00fal Padilla L\u00f3pez, presidente de la FIL, quien recalc\u00f3 que, por otra parte, \u201ces el a\u00f1o de la pandemia, el que nos ha impuesto nuevas formas de relacionarnos y cuyas repercusiones han afectado, tambi\u00e9n, a toda la cadena del libro\u201d.\u00a0<\/p><\/blockquote>\n\n\n\n<p>La conferencia fue presidida por Ricardo Villanueva Lomel\u00ed, rector general de la Universidad de Guadalajara; Juan Luis Arzoz Arbide y Alejandro Ram\u00edrez, presidente y director de la C\u00e1mara Nacional de la Industria Editorial Mexicana (CANIEM); adem\u00e1s de Ra\u00fal Padilla L\u00f3pez y Marisol Schulz Manaut, presidente y directora de la FIL. Tambi\u00e9n particip\u00f3, mediante un video pregrabado, Ahmed Al Ameri, presidente de la Sharjah Book Authority. En su bienvenida, el rector de la m\u00e1xima casa de estudios de Jalisco explic\u00f3 que en el estado \u201cse ha tenido un manejo de la pandemia controlado\u201d gracias al trabajo realizado por la Universidad y su Sala de Situaci\u00f3n en Salud por Covid-19, y manifest\u00f3 su apoyo incondicional a FIL Guadalajara.<\/p>\n\n\n\n<p>La recomendaci\u00f3n de la Sala de Situaci\u00f3n en Salud por Covid-19, el an\u00e1lisis de datos y proyecciones de la pandemia, las restricciones para la organizaci\u00f3n de eventos masivos y viajes internacionales para actores clave de la industria que deb\u00edan darse cita en la Feria, pero \u201csobre todo la obligaci\u00f3n esencial de proteger la salud de nuestros socios, visitantes, participantes y expositores, nos han llevado a tomar la dif\u00edcil decisi\u00f3n de trasladar, \u00fanicamente por este a\u00f1o, los contenidos y programas de la FIL al \u00e1mbito virtual\u201d, explic\u00f3 Padilla L\u00f3pez.<\/p>\n\n\n\n<p>Ser\u00e1 la primera vez que la FIL, fundada en 1987 por la Universidad de Guadalajara, no se realice de manera presencial en Expo Guadalajara, donde tan s\u00f3lo el a\u00f1o pasado reuni\u00f3 a m\u00e1s de 828,266 visitantes, 800 autores, 20 mil profesionales del libro y 2,417 sellos editoriales de 48 pa\u00edses, con la presencia cultural y literaria de India como pa\u00eds Invitado de Honor. \u201cEstamos ciertos de que, a\u00fan con un formato virtual, la FIL seguir\u00e1 siendo una fiesta de la lectura, una se\u00f1a de identidad para Guadalajara y M\u00e9xico, as\u00ed como un referente cultural en todo el mundo\u201d, agreg\u00f3 el presidente de la FIL.<\/p>\n\n\n\n<p>Marisol Schulz Manaut, directora de la FIL, dijo que el Comit\u00e9 Organizador de la FIL \u201cha trabajado como nunca\u201d porque desde el principio se proyectaron tres posibles escenarios para realizar la edici\u00f3n de este a\u00f1o, pero reconoci\u00f3 que la decisi\u00f3n, aunque sensata y responsable, \u201ces dolorosa\u201d para todo el equipo. Destac\u00f3 la importancia de darle seguimiento a la FIL de forma virtual, ya que con ello se contribuir\u00e1 para apoyar a la industria editorial, \u201cporque m\u00e1s all\u00e1 de todo el negocio editorial, es una gran fiesta del libro\u201d.<\/p>\n\n\n\n<p>Esta edici\u00f3n especial de la Feria se podr\u00e1 seguir a trav\u00e9s de la p\u00e1gina web de la Feria y sus redes sociales, adem\u00e1s del Canal 44 y otros medios p\u00fablicos de M\u00e9xico y Am\u00e9rica Latina. Adem\u00e1s de di\u00e1logos y conferencias con grandes figuras de la literatura y el pensamiento, se contemplan contenidos creados especialmente para su difusi\u00f3n en l\u00ednea y que permitir\u00e1n conocer un lado m\u00e1s \u00edntimo de una treintena de autores latinoamericanos, mediante un recorrido por sus bibliotecas personales. Para FIL Ni\u00f1os se dise\u00f1aron diez talleres que se ofrecer\u00e1n en l\u00ednea y tendr\u00e1n varias sesiones durante los nueve d\u00edas de FIL. Los ni\u00f1os recibir\u00e1n en sus casas una caja \u2014emblema de FIL Ni\u00f1os\u2014 con los materiales que, v\u00eda remota, trabajar\u00e1n con los talleristas. Sobre las din\u00e1micas de participaci\u00f3n en este y otros programas se informar\u00e1 en los pr\u00f3ximos d\u00edas.&nbsp;<\/p>\n\n\n\n<p>En el \u00e1mbito profesional y de negocios se crearon diversas herramientas, todas gratuitas, para apoyar a los expositores registrados en 2019 y 2020. Una de ellas es el Mercado de Libros, que desde la p\u00e1gina web de la FIL (<a href=\"http:\/\/www.fil.com.mx\/\" target=\"_blank\" rel=\"noreferrer noopener\">www.fil.com.mx<\/a>) permitir\u00e1 que los lectores lleguen a los t\u00edtulos de los sellos editoriales que habitualmente participan en la Feria, mediante sus tiendas o librer\u00edas f\u00edsicas y en l\u00ednea. La plataforma FIL Negocios, por su parte, ser\u00e1 un sitio destinado a los profesionales, que podr\u00e1n acceder a di\u00e1logos, estad\u00edsticas y notas relacionadas con la industria editorial, adem\u00e1s de generar, mediante un cat\u00e1logo vivo de derechos de autor y un directorio de agentes, editores y otros actores de la cadena del libro, intercambios comerciales con sus pares de otros pa\u00edses.<\/p>\n","protected":false},"excerpt":{"rendered":"<p>GUADALAJARA.- Al no haber condiciones para su realizaci\u00f3n presencial, y por recomendaci\u00f3n de la Sala de Situaci\u00f3n en Salud por Covid-19 de la Universidad de Guadalajara, la edici\u00f3n 34 de &hellip; <a href=\"https:\/\/lavereda.com.mx\/index.php\/2020\/10\/03\/por-primera-vez-la-fil-de-guadalajara-sera-virtual\/\" class=\"more-link\">Leer m\u00e1s<\/a><\/p>\n","protected":false},"author":1,"featured_media":698,"comment_status":"open","ping_status":"open","sticky":false,"template":"","format":"standard","meta":{"footnotes":""},"categories":[5,18],"tags":[],"class_list":["post-697","post","type-post","status-publish","format-standard","has-post-thumbnail","hentry","category-letras-y-libros","category-lomasrelevante","entry"],"_links":{"self":[{"href":"https:\/\/lavereda.com.mx\/index.php\/wp-json\/wp\/v2\/posts\/697","targetHints":{"allow":["GET"]}}],"collection":[{"href":"https:\/\/lavereda.com.mx\/index.php\/wp-json\/wp\/v2\/posts"}],"about":[{"href":"https:\/\/lavereda.com.mx\/index.php\/wp-json\/wp\/v2\/types\/post"}],"author":[{"embeddable":true,"href":"https:\/\/lavereda.com.mx\/index.php\/wp-json\/wp\/v2\/users\/1"}],"replies":[{"embeddable":true,"href":"https:\/\/lavereda.com.mx\/index.php\/wp-json\/wp\/v2\/comments?post=697"}],"version-history":[{"count":1,"href":"https:\/\/lavereda.com.mx\/index.php\/wp-json\/wp\/v2\/posts\/697\/revisions"}],"predecessor-version":[{"id":699,"href":"https:\/\/lavereda.com.mx\/index.php\/wp-json\/wp\/v2\/posts\/697\/revisions\/699"}],"wp:featuredmedia":[{"embeddable":true,"href":"https:\/\/lavereda.com.mx\/index.php\/wp-json\/wp\/v2\/media\/698"}],"wp:attachment":[{"href":"https:\/\/lavereda.com.mx\/index.php\/wp-json\/wp\/v2\/media?parent=697"}],"wp:term":[{"taxonomy":"category","embeddable":true,"href":"https:\/\/lavereda.com.mx\/index.php\/wp-json\/wp\/v2\/categories?post=697"},{"taxonomy":"post_tag","embeddable":true,"href":"https:\/\/lavereda.com.mx\/index.php\/wp-json\/wp\/v2\/tags?post=697"}],"curies":[{"name":"wp","href":"https:\/\/api.w.org\/{rel}","templated":true}]}}