{"id":6969,"date":"2025-07-01T01:04:06","date_gmt":"2025-07-01T01:04:06","guid":{"rendered":"https:\/\/lavereda.com.mx\/?p=6969"},"modified":"2025-07-01T01:04:06","modified_gmt":"2025-07-01T01:04:06","slug":"desprecio","status":"publish","type":"post","link":"https:\/\/lavereda.com.mx\/index.php\/2025\/07\/01\/desprecio\/","title":{"rendered":"Desprecio"},"content":{"rendered":"\n<p>Disclaimer (2024)<\/p>\n\n\n\n<p>AppleTV+<\/p>\n\n\n\n<p>El drama epis\u00f3dico es denso y con un pedigr\u00ed insuperable: Alfonso Cuar\u00f3n en la direcci\u00f3n, y Cate Blanchet como estelar. El antagonista es Kevin Kline.<\/p>\n\n\n\n<p>La periodista Catherine es acusada por su marido de incurrir en una infidelidad, ocurrida a\u00f1os atr\u00e1s en unas vacaciones. El seductor habr\u00eda sido un muchacho que result\u00f3 luego muerto. Stephen,&nbsp; padre del chico, busca venganza con la mujer a quien acusa de haberlo manipulado hasta conducirlo a la muerte.<\/p>\n\n\n\n<p>El drama se va construyendo lentamente, entre un anhelo de la periodista por ser escuchada y el padre que va preparando un diab\u00f3lico plan de venganza.<\/p>\n\n\n\n<p>Hasta que la verdad comienza a emerger y lo que se cre\u00eda como verdadero, resulta ser completamente diferente.<\/p>\n\n\n\n<p>Cuar\u00f3n hace un gran trabajo en el manejo de estrellas de primer\u00edsima l\u00ednea.<\/p>\n\n\n\n<p>Excelente.<\/p>\n\n\n\n<p>Es de seis cap\u00edtulos.<\/p>\n\n\n\n<p>(NC-17. No apto para menores de 18)<\/p>\n\n\n\n<p>@LucianoCamposG<\/p>\n\n\n\n<figure class=\"wp-block-embed is-type-video is-provider-youtube wp-block-embed-youtube wp-embed-aspect-16-9 wp-has-aspect-ratio\"><div class=\"wp-block-embed__wrapper\">\n<iframe title=\"DISCLAIMER* | Tr\u00e1iler Oficial SUBTITULADO HD | Apple TV+ | Cate Blanchett, Sacha Baron Cohen\" width=\"1170\" height=\"658\" src=\"https:\/\/www.youtube.com\/embed\/8GMC6Ll-ErQ?feature=oembed\" frameborder=\"0\" allow=\"accelerometer; autoplay; clipboard-write; encrypted-media; gyroscope; picture-in-picture; web-share\" referrerpolicy=\"strict-origin-when-cross-origin\" allowfullscreen><\/iframe>\n<\/div><\/figure>\n","protected":false},"excerpt":{"rendered":"<p>Disclaimer (2024) AppleTV+ El drama epis\u00f3dico es denso y con un pedigr\u00ed insuperable: Alfonso Cuar\u00f3n en la direcci\u00f3n, y Cate Blanchet como estelar. El antagonista es Kevin Kline. La periodista &hellip; <a href=\"https:\/\/lavereda.com.mx\/index.php\/2025\/07\/01\/desprecio\/\" class=\"more-link\">Leer m\u00e1s<\/a><\/p>\n","protected":false},"author":3,"featured_media":6970,"comment_status":"open","ping_status":"open","sticky":false,"template":"","format":"standard","meta":{"footnotes":""},"categories":[6,7],"tags":[242,241],"class_list":["post-6969","post","type-post","status-publish","format-standard","has-post-thumbnail","hentry","category-cinetv","category-entretenimiento","tag-alfonso-cuaron","tag-cate-blanchet","entry"],"_links":{"self":[{"href":"https:\/\/lavereda.com.mx\/index.php\/wp-json\/wp\/v2\/posts\/6969","targetHints":{"allow":["GET"]}}],"collection":[{"href":"https:\/\/lavereda.com.mx\/index.php\/wp-json\/wp\/v2\/posts"}],"about":[{"href":"https:\/\/lavereda.com.mx\/index.php\/wp-json\/wp\/v2\/types\/post"}],"author":[{"embeddable":true,"href":"https:\/\/lavereda.com.mx\/index.php\/wp-json\/wp\/v2\/users\/3"}],"replies":[{"embeddable":true,"href":"https:\/\/lavereda.com.mx\/index.php\/wp-json\/wp\/v2\/comments?post=6969"}],"version-history":[{"count":1,"href":"https:\/\/lavereda.com.mx\/index.php\/wp-json\/wp\/v2\/posts\/6969\/revisions"}],"predecessor-version":[{"id":6971,"href":"https:\/\/lavereda.com.mx\/index.php\/wp-json\/wp\/v2\/posts\/6969\/revisions\/6971"}],"wp:featuredmedia":[{"embeddable":true,"href":"https:\/\/lavereda.com.mx\/index.php\/wp-json\/wp\/v2\/media\/6970"}],"wp:attachment":[{"href":"https:\/\/lavereda.com.mx\/index.php\/wp-json\/wp\/v2\/media?parent=6969"}],"wp:term":[{"taxonomy":"category","embeddable":true,"href":"https:\/\/lavereda.com.mx\/index.php\/wp-json\/wp\/v2\/categories?post=6969"},{"taxonomy":"post_tag","embeddable":true,"href":"https:\/\/lavereda.com.mx\/index.php\/wp-json\/wp\/v2\/tags?post=6969"}],"curies":[{"name":"wp","href":"https:\/\/api.w.org\/{rel}","templated":true}]}}