{"id":6954,"date":"2025-06-28T18:06:10","date_gmt":"2025-06-28T18:06:10","guid":{"rendered":"https:\/\/lavereda.com.mx\/?p=6954"},"modified":"2025-06-28T18:07:00","modified_gmt":"2025-06-28T18:07:00","slug":"shade-y-el-diletante","status":"publish","type":"post","link":"https:\/\/lavereda.com.mx\/index.php\/2025\/06\/28\/shade-y-el-diletante\/","title":{"rendered":"Shade y el diletante"},"content":{"rendered":"\n<p>Por ah\u00ed de 1994 compr\u00e9 dos boletos para ver a la reci\u00e9n creada Camerata de Coahuila en el hist\u00f3rico Teatro Isauro Mart\u00ednez. La persona que invit\u00e9 me dej\u00f3 plantado, as\u00ed que entr\u00e9 solo. Fue lo mejor que pudo sucederme. Tuve la concentraci\u00f3n adecuada, la intimidad y el cobijo de estar en soledad y escuchar, por primera vez en mi vida, a una orquesta de este formato en vivo.<\/p>\n\n\n\n<p>No recuerdo todo el programa. Hab\u00eda algo de Haydn, sin duda, pero el concierto fue inolvidable: era la&nbsp;<em>Sinfon\u00eda No. 41<\/em>&nbsp;en do mayor, K. 551, de Wolfgang Amadeus Mozart. La famosa&nbsp;<em>J\u00fapiter<\/em>. Alguien la llam\u00f3 as\u00ed por el hom\u00f3logo romano de Zeus. Su apote\u00f3sico cuarto movimiento es un prodigio de elegancia casi celestial, que ha contribuido a la gran leyenda mozartiana. Es m\u00fasica que no solo deslumbra por su perfecci\u00f3n formal, sino que eleva el esp\u00edritu con una alegr\u00eda serena y triunfal: una puerta secreta al Olimpo, por donde bajan los dioses sin ser vistos.<\/p>\n\n\n\n<p>As\u00ed conoc\u00ed a Ram\u00f3n Shade; de espaldas, haciendo su magia al frente de la orquesta. Era como ver al&nbsp;<em>concierge<\/em>&nbsp;de la casa de J\u00fapiter, un recinto que Mozart hab\u00eda construido con notas perfectas y, portando en vez de la insignia de calidad de&nbsp;<em>Les Clefs d&#8217;Or<\/em>, dos batutas de oro cruzadas. Torre\u00f3n era muy joven para saberlo, pero ah\u00ed se inauguraba un portento musical que har\u00eda que Coahuila se llenara de buena m\u00fasica: temporadas, solistas, escuelas, orquestas, conciertos, sucesos\u2026 ra\u00edces de un \u00e1rbol del que hoy comemos sus frutos.<\/p>\n\n\n\n<p>A\u00f1os m\u00e1s tarde tuve la oportunidad de ejercer el periodismo cultural y cubrir las temporadas de la Camerata, lo que me oblig\u00f3 a estudiar el enfoque desde el cual se aborda lo sinf\u00f3nico. Alg\u00fan texto m\u00edo llam\u00f3 la atenci\u00f3n del maestro Shade, quien en una ocasi\u00f3n pidi\u00f3 conocerme. Brillante, alegre, perspicaz y sin consentimiento alguno, m\u00e1s de una vez me ret\u00f3 a descifrar las pistas que me daba para entender c\u00f3mo se aprecia la m\u00fasica. Me hizo ver que exist\u00eda un nivel acad\u00e9mico al que yo a\u00fan estaba lejos de acceder. Que me faltaban horas y horas de lectura, y muchas m\u00e1s de escuchar conciertos y ver puestas en escena: \u00f3pera, ballet, zarzuela; me faltaba mundo sin duda.<\/p>\n\n\n\n<p>Ram\u00f3n Shade me ayud\u00f3 a entender que yo solo era un diletante, un turista que ya no quer\u00eda irse del pa\u00eds cultural y que solo obtendr\u00eda mi residencia si trabajaba lo acad\u00e9mico. Si romp\u00eda con mi entusiasmo y pactaba con el rigor. A\u00f1os m\u00e1s tarde me invit\u00f3 a trabajar como vocero de la Camerata de Coahuila. En medio de un Torre\u00f3n violentado por las balaceras, mi reto fue reconstruir al p\u00fablico, y \u00e9l me dio toda la libertad para hacerlo.<\/p>\n\n\n\n<p>Ya se arrepent\u00eda cuando me escuchaba haciendo analog\u00edas entre el equipo de futbol Santos Laguna y la Camerata, cuando suger\u00eda&nbsp;<em>crossovers<\/em>&nbsp;con rock sinf\u00f3nico o cuando prefer\u00eda a Beethoven que a Mozart. Me tuvo paciencia, toler\u00f3 mi entusiasmo y aliment\u00f3 mi formalidad. Me entreg\u00f3 libros para leer y me admiti\u00f3, en m\u00e1s de una ocasi\u00f3n, en alguna mesa para que me callara y escuchara una pl\u00e1tica de adultos en la m\u00fasica.<\/p>\n\n\n\n<p>Dur\u00e9 casi tres a\u00f1os como gerente de comunicaci\u00f3n y relaciones p\u00fablicas de la Camerata de Coahuila, antes de mudarme a Saltillo. Mi amistad con el maestro Shade fue tan cercana como pod\u00eda serlo entre un m\u00fasico rigurosamente acad\u00e9mico y un impostor con s\u00edndrome diletante.<\/p>\n\n\n\n<blockquote class=\"wp-block-quote is-layout-flow wp-block-quote-is-layout-flow\">\n<p>Del maestro aprend\u00ed el rigor: rigor en la planeaci\u00f3n y en el programa, rigor en la puntualidad y en lo infalible que debe ser la cita con el p\u00fablico. Aprend\u00ed que \u201cLa Orquesta es el artista\u201d, que nadie est\u00e1 por encima de la organizaci\u00f3n, y que el concierto ser\u00e1 siempre el acto de consumaci\u00f3n del arte, al que todas las sociedades deber\u00edan tener acceso.<\/p>\n<\/blockquote>\n\n\n\n<figure class=\"wp-block-image size-large is-resized\"><img fetchpriority=\"high\" decoding=\"async\" width=\"1024\" height=\"683\" src=\"https:\/\/lavereda.com.mx\/wp-content\/uploads\/2025\/06\/WhatsApp-Image-2025-06-25-at-5.45.07-PM-1024x683.jpeg\" alt=\"\" class=\"wp-image-6965\" style=\"width:486px;height:auto\" srcset=\"https:\/\/lavereda.com.mx\/wp-content\/uploads\/2025\/06\/WhatsApp-Image-2025-06-25-at-5.45.07-PM-1024x683.jpeg 1024w, https:\/\/lavereda.com.mx\/wp-content\/uploads\/2025\/06\/WhatsApp-Image-2025-06-25-at-5.45.07-PM-300x200.jpeg 300w, https:\/\/lavereda.com.mx\/wp-content\/uploads\/2025\/06\/WhatsApp-Image-2025-06-25-at-5.45.07-PM-768x512.jpeg 768w, https:\/\/lavereda.com.mx\/wp-content\/uploads\/2025\/06\/WhatsApp-Image-2025-06-25-at-5.45.07-PM.jpeg 1440w\" sizes=\"(max-width: 1024px) 100vw, 1024px\" \/><\/figure>\n\n\n\n<p><\/p>\n\n\n\n<p>Entend\u00ed lo triste que puede ser una ciudad sin m\u00fasica en vivo, y lo afortunado que es trabajar para que la gente tenga acceso a una temporada de conciertos. No hay m\u00e1s alto ideal que el de procurar que cada ciudad tenga una orquesta.<\/p>\n\n\n\n<p>Pasaron 30 a\u00f1os desde aquel primer concierto; y un vuelvo a sentarme en la oscuridad del teatro, esperando que la puerta secreta del Olimpo vuelva a abrirse. Cada vez que me coloco frente a una orquesta, s\u00e9 que escucho con otros o\u00eddos: con los que le aprend\u00ed el Maestro. O\u00eddos que ya no buscan solo el placer, sino la estructura, el sentido, la intenci\u00f3n detr\u00e1s del arte. Y aunque sigo siendo un diletante, lo soy con conciencia, con humildad y con el deseo vivo de no dejar nunca de aprender.<\/p>\n\n\n\n<p>Arriba del escenario del Fernando Soler de Saltillo, Natanel Espinoza dirige a la Filarm\u00f3nica del Desierto; estalla la m\u00fasica y me deleito en otro nivel. Se lo debemos en su medida al maestro Shade y esa cadena de sucesos que nos trajo ac\u00e1. Con sorpresa recibo en el celular la noticia de su jubilaci\u00f3n \u00bfPuede alguien realmente jubilarse de la m\u00fasica?, me pregunto. Cierro los ojos. El cuarto movimiento ha comenzado.<\/p>\n\n\n\n<p><em>Instagram: @prometeomurillo<\/em><\/p>\n","protected":false},"excerpt":{"rendered":"<p>Por ah\u00ed de 1994 compr\u00e9 dos boletos para ver a la reci\u00e9n creada Camerata de Coahuila en el hist\u00f3rico Teatro Isauro Mart\u00ednez. La persona que invit\u00e9 me dej\u00f3 plantado, as\u00ed &hellip; <a href=\"https:\/\/lavereda.com.mx\/index.php\/2025\/06\/28\/shade-y-el-diletante\/\" class=\"more-link\">Leer m\u00e1s<\/a><\/p>\n","protected":false},"author":25,"featured_media":6964,"comment_status":"open","ping_status":"open","sticky":false,"template":"","format":"standard","meta":{"footnotes":""},"categories":[4,9],"tags":[],"class_list":["post-6954","post","type-post","status-publish","format-standard","has-post-thumbnail","hentry","category-musica","category-opinion","entry"],"_links":{"self":[{"href":"https:\/\/lavereda.com.mx\/index.php\/wp-json\/wp\/v2\/posts\/6954","targetHints":{"allow":["GET"]}}],"collection":[{"href":"https:\/\/lavereda.com.mx\/index.php\/wp-json\/wp\/v2\/posts"}],"about":[{"href":"https:\/\/lavereda.com.mx\/index.php\/wp-json\/wp\/v2\/types\/post"}],"author":[{"embeddable":true,"href":"https:\/\/lavereda.com.mx\/index.php\/wp-json\/wp\/v2\/users\/25"}],"replies":[{"embeddable":true,"href":"https:\/\/lavereda.com.mx\/index.php\/wp-json\/wp\/v2\/comments?post=6954"}],"version-history":[{"count":2,"href":"https:\/\/lavereda.com.mx\/index.php\/wp-json\/wp\/v2\/posts\/6954\/revisions"}],"predecessor-version":[{"id":6967,"href":"https:\/\/lavereda.com.mx\/index.php\/wp-json\/wp\/v2\/posts\/6954\/revisions\/6967"}],"wp:featuredmedia":[{"embeddable":true,"href":"https:\/\/lavereda.com.mx\/index.php\/wp-json\/wp\/v2\/media\/6964"}],"wp:attachment":[{"href":"https:\/\/lavereda.com.mx\/index.php\/wp-json\/wp\/v2\/media?parent=6954"}],"wp:term":[{"taxonomy":"category","embeddable":true,"href":"https:\/\/lavereda.com.mx\/index.php\/wp-json\/wp\/v2\/categories?post=6954"},{"taxonomy":"post_tag","embeddable":true,"href":"https:\/\/lavereda.com.mx\/index.php\/wp-json\/wp\/v2\/tags?post=6954"}],"curies":[{"name":"wp","href":"https:\/\/api.w.org\/{rel}","templated":true}]}}