{"id":6948,"date":"2025-06-23T23:47:49","date_gmt":"2025-06-23T23:47:49","guid":{"rendered":"https:\/\/lavereda.com.mx\/?p=6948"},"modified":"2025-06-23T23:48:29","modified_gmt":"2025-06-23T23:48:29","slug":"inauguran-figuras-del-sueno-un-viaje-magico-a-traves-de-la-ilustracion","status":"publish","type":"post","link":"https:\/\/lavereda.com.mx\/index.php\/2025\/06\/23\/inauguran-figuras-del-sueno-un-viaje-magico-a-traves-de-la-ilustracion\/","title":{"rendered":"Inauguran \u201cFiguras del sue\u00f1o\u201d: un viaje m\u00e1gico a trav\u00e9s de la ilustraci\u00f3n"},"content":{"rendered":"\n<p>El Museo Arocena, en colaboraci\u00f3n con el Museo Pape de Monclova, realiz\u00f3 este domingo la inauguraci\u00f3n de&nbsp;<strong>Figuras del sue\u00f1o<\/strong>, una exposici\u00f3n que re\u00fane m\u00e1s de 25 a\u00f1os de trayectoria art\u00edstica de&nbsp;<strong>Gabriel Pacheco<\/strong>, uno de los ilustradores mexicanos m\u00e1s reconocidos mundialmente.<\/p>\n\n\n\n<p>Es la primera exposici\u00f3n pensada en ni\u00f1as y ni\u00f1os que contiene una seria de maravillosas ilustraciones sobre cuentos infantiles, cl\u00e1sicos de la literatura, relatos filos\u00f3ficos y mitolog\u00eda.<\/p>\n\n\n\n<p>Se pueden encontrar ilustraciones basadas en los cuentos de Caperucita Roja, La bella y la bestia, La Sirenita, pero tambi\u00e9n im\u00e1genes basadas en poemas de Federico Garc\u00eda Lorca, Antonio Machado o el ballet El lago de los cisnes.<\/p>\n\n\n\n<figure class=\"wp-block-image size-large is-resized\"><img fetchpriority=\"high\" decoding=\"async\" width=\"1024\" height=\"768\" src=\"https:\/\/lavereda.com.mx\/wp-content\/uploads\/2025\/06\/WhatsApp-Image-2025-06-23-at-5.39.37-PM-1-1024x768.jpeg\" alt=\"\" class=\"wp-image-6950\" style=\"width:429px;height:auto\" srcset=\"https:\/\/lavereda.com.mx\/wp-content\/uploads\/2025\/06\/WhatsApp-Image-2025-06-23-at-5.39.37-PM-1-1024x768.jpeg 1024w, https:\/\/lavereda.com.mx\/wp-content\/uploads\/2025\/06\/WhatsApp-Image-2025-06-23-at-5.39.37-PM-1-300x225.jpeg 300w, https:\/\/lavereda.com.mx\/wp-content\/uploads\/2025\/06\/WhatsApp-Image-2025-06-23-at-5.39.37-PM-1-768x576.jpeg 768w, https:\/\/lavereda.com.mx\/wp-content\/uploads\/2025\/06\/WhatsApp-Image-2025-06-23-at-5.39.37-PM-1.jpeg 1100w\" sizes=\"(max-width: 1024px) 100vw, 1024px\" \/><\/figure>\n\n\n\n<p><\/p>\n\n\n\n<p>El autor Gabriel Pacheco, dijo que las adaptaciones est\u00e1n hechas en un lenguaje que pueda ser accesible a muchas personas.&nbsp;<\/p>\n\n\n\n<blockquote class=\"wp-block-quote is-layout-flow wp-block-quote-is-layout-flow\">\n<p>\u201cLa ilustraci\u00f3n tiene un acercamiento muy frontal con el p\u00fablico, es una experiencia de formaci\u00f3n hacia el lector, una experiencia est\u00e9tica para explorar ideas y sensaciones\u201d.<\/p>\n<\/blockquote>\n\n\n\n<p>Las ilustraciones est\u00e1n colocadas por primera vez a una altura m\u00e1s baja de lo habitual para que est\u00e9n al nivel de las ni\u00f1as y ni\u00f1os, aunque tambi\u00e9n es una invitaci\u00f3n a que los adultos puedan desarrollar su imaginaci\u00f3n.<\/p>\n\n\n\n<p>La obra de Pacheco nos invita a adentrarnos en un universo po\u00e9tico y on\u00edrico, reinterpretando&nbsp;<strong>cuentos cl\u00e1sicos<\/strong>&nbsp;con un lenguaje visual, \u00fanico y evocador, que est\u00e1 lleno de magia y una profunda sensibilidad po\u00e9tica.<\/p>\n\n\n\n<p>El ilustrador abund\u00f3 acerca de esta exposici\u00f3n:<\/p>\n\n\n\n<blockquote class=\"wp-block-quote is-layout-flow wp-block-quote-is-layout-flow\">\n<p>\u201cSoy un artista que ya lleva 25 a\u00f1os ilustrando. Gran parte lo he hecho ha sido fuera de M\u00e9xico, esta exhibici\u00f3n sobre la literatura infantil y cl\u00e1sica \u00a0trata de reunir un imaginario sobre cuentos cl\u00e1sicos y la obra de poetas, quise ilustrar a Garc\u00eda Lorca y a Octavio Paz\u201d.<\/p>\n<\/blockquote>\n\n\n\n<figure class=\"wp-block-image size-large is-resized\"><img decoding=\"async\" width=\"1024\" height=\"768\" src=\"https:\/\/lavereda.com.mx\/wp-content\/uploads\/2025\/06\/WhatsApp-Image-2025-06-23-at-5.43.30-PM-1024x768.jpeg\" alt=\"\" class=\"wp-image-6949\" style=\"width:431px;height:auto\" srcset=\"https:\/\/lavereda.com.mx\/wp-content\/uploads\/2025\/06\/WhatsApp-Image-2025-06-23-at-5.43.30-PM-1024x768.jpeg 1024w, https:\/\/lavereda.com.mx\/wp-content\/uploads\/2025\/06\/WhatsApp-Image-2025-06-23-at-5.43.30-PM-300x225.jpeg 300w, https:\/\/lavereda.com.mx\/wp-content\/uploads\/2025\/06\/WhatsApp-Image-2025-06-23-at-5.43.30-PM-768x576.jpeg 768w, https:\/\/lavereda.com.mx\/wp-content\/uploads\/2025\/06\/WhatsApp-Image-2025-06-23-at-5.43.30-PM.jpeg 1100w\" sizes=\"(max-width: 1024px) 100vw, 1024px\" \/><\/figure>\n\n\n\n<p><\/p>\n\n\n\n<p>La muestra puede ser visitada en la sala de exposiciones temporales a partir de este domingo y durante todo el verano.<\/p>\n","protected":false},"excerpt":{"rendered":"<p>El Museo Arocena, en colaboraci\u00f3n con el Museo Pape de Monclova, realiz\u00f3 este domingo la inauguraci\u00f3n de&nbsp;Figuras del sue\u00f1o, una exposici\u00f3n que re\u00fane m\u00e1s de 25 a\u00f1os de trayectoria art\u00edstica &hellip; <a href=\"https:\/\/lavereda.com.mx\/index.php\/2025\/06\/23\/inauguran-figuras-del-sueno-un-viaje-magico-a-traves-de-la-ilustracion\/\" class=\"more-link\">Leer m\u00e1s<\/a><\/p>\n","protected":false},"author":9,"featured_media":6951,"comment_status":"open","ping_status":"open","sticky":false,"template":"","format":"standard","meta":{"footnotes":""},"categories":[3],"tags":[240,132],"class_list":["post-6948","post","type-post","status-publish","format-standard","has-post-thumbnail","hentry","category-artes-visuales","tag-gabriel-pacheco","tag-museo-arocena","entry"],"_links":{"self":[{"href":"https:\/\/lavereda.com.mx\/index.php\/wp-json\/wp\/v2\/posts\/6948","targetHints":{"allow":["GET"]}}],"collection":[{"href":"https:\/\/lavereda.com.mx\/index.php\/wp-json\/wp\/v2\/posts"}],"about":[{"href":"https:\/\/lavereda.com.mx\/index.php\/wp-json\/wp\/v2\/types\/post"}],"author":[{"embeddable":true,"href":"https:\/\/lavereda.com.mx\/index.php\/wp-json\/wp\/v2\/users\/9"}],"replies":[{"embeddable":true,"href":"https:\/\/lavereda.com.mx\/index.php\/wp-json\/wp\/v2\/comments?post=6948"}],"version-history":[{"count":2,"href":"https:\/\/lavereda.com.mx\/index.php\/wp-json\/wp\/v2\/posts\/6948\/revisions"}],"predecessor-version":[{"id":6953,"href":"https:\/\/lavereda.com.mx\/index.php\/wp-json\/wp\/v2\/posts\/6948\/revisions\/6953"}],"wp:featuredmedia":[{"embeddable":true,"href":"https:\/\/lavereda.com.mx\/index.php\/wp-json\/wp\/v2\/media\/6951"}],"wp:attachment":[{"href":"https:\/\/lavereda.com.mx\/index.php\/wp-json\/wp\/v2\/media?parent=6948"}],"wp:term":[{"taxonomy":"category","embeddable":true,"href":"https:\/\/lavereda.com.mx\/index.php\/wp-json\/wp\/v2\/categories?post=6948"},{"taxonomy":"post_tag","embeddable":true,"href":"https:\/\/lavereda.com.mx\/index.php\/wp-json\/wp\/v2\/tags?post=6948"}],"curies":[{"name":"wp","href":"https:\/\/api.w.org\/{rel}","templated":true}]}}