{"id":6940,"date":"2025-06-19T15:56:05","date_gmt":"2025-06-19T15:56:05","guid":{"rendered":"https:\/\/lavereda.com.mx\/?p=6940"},"modified":"2025-06-19T15:57:29","modified_gmt":"2025-06-19T15:57:29","slug":"de-torreon-a-lerdo-sonara-en-festival-de-musica-en-austria","status":"publish","type":"post","link":"https:\/\/lavereda.com.mx\/index.php\/2025\/06\/19\/de-torreon-a-lerdo-sonara-en-festival-de-musica-en-austria\/","title":{"rendered":"\u00abDe Torre\u00f3n a Lerdo\u00bb sonar\u00e1 en festival de m\u00fasica en Austria"},"content":{"rendered":"\n<p>El m\u00fasico Roberto Arturo Rodr\u00edguez Arg\u00fcello, originario de Torre\u00f3n, participar\u00e1 por tercera ocasi\u00f3n consecutiva como percusionista en la World Adult Wind Orchestra Project (WAWOP), una banda sinf\u00f3nica de nivel profesional formada por m\u00fasicos seleccionados mediante audici\u00f3n internacional.<\/p>\n\n\n\n<p>Su participaci\u00f3n se realizar\u00e1 en el MidEurope Festival, celebrado anualmente en Schladming, Austria, uno de los festivales internacionales m\u00e1s importantes dedicados a la m\u00fasica para banda sinf\u00f3nica. Re\u00fane a m\u00fasicos, ensambles y compositores de diversas partes del mundo en una semana de conciertos, clases magistrales y colaboraciones musicales de alto nivel.<\/p>\n\n\n\n<p>En esta edici\u00f3n 2025, adem\u00e1s de su participaci\u00f3n como instrumentista, uno de sus arreglos para<br>banda sinf\u00f3nica ha sido elegido para integrar el repertorio oficial del festival: <strong>\u201cDe Torre\u00f3n a Lerdo\u201d<\/strong>, himno popular de La Laguna, ser\u00e1 interpretado en conciertos internacionales en Austria el pr\u00f3ximo 10 de julio.<\/p>\n\n\n\n<p>Esta obra, profundamente simb\u00f3lica para la regi\u00f3n, cruzar\u00e1 fronteras como un gesto de<br>identidad, arte y orgullo lagunero. <\/p>\n\n\n\n<p>Roberto Rodr\u00edguez coment\u00f3 que en esta edici\u00f3n se suma su esposa Luisa Fernanda Hern\u00e1ndez Gallardo, flautista profesional, tambi\u00e9n originaria de Torre\u00f3n, quien fue aceptada en la agrupaci\u00f3n tras audici\u00f3n, fortaleciendo la representaci\u00f3n de la regi\u00f3n en este magno evento internacional.<\/p>\n\n\n\n<figure class=\"wp-block-image size-large is-resized\"><img fetchpriority=\"high\" decoding=\"async\" width=\"1024\" height=\"921\" src=\"https:\/\/lavereda.com.mx\/wp-content\/uploads\/2025\/06\/IMG_4229-1024x921.jpg\" alt=\"\" class=\"wp-image-6943\" style=\"width:480px;height:auto\" srcset=\"https:\/\/lavereda.com.mx\/wp-content\/uploads\/2025\/06\/IMG_4229-1024x921.jpg 1024w, https:\/\/lavereda.com.mx\/wp-content\/uploads\/2025\/06\/IMG_4229-300x270.jpg 300w, https:\/\/lavereda.com.mx\/wp-content\/uploads\/2025\/06\/IMG_4229-768x690.jpg 768w, https:\/\/lavereda.com.mx\/wp-content\/uploads\/2025\/06\/IMG_4229.jpg 1179w\" sizes=\"(max-width: 1024px) 100vw, 1024px\" \/><\/figure>\n\n\n\n<p><\/p>\n\n\n\n<p>En entrevista expres\u00f3 que : \u201cNo solo me llena de orgullo representar a mi ciudad natal, sino que esta vez llevaremos nuestro himno, \u2018De Torre\u00f3n a Lerdo\u2019, a sonar en Europa. Para m\u00ed es un momento hist\u00f3rico como lagunero y como m\u00fasico. La Laguna brillar\u00e1 en Austria, y ser\u00e1 escuchada en otro continente con toda la fuerza y emoci\u00f3n que nuestra tierra merece\u00bb.<\/p>\n\n\n\n<p>Actualmente Roberto Rodr\u00edguez cursa estudios en la Universidad Aut\u00f3noma de Nuevo Le\u00f3n. Es percusionista, compositor y arreglista. Ha participado con la Camerata de Coahuila y orquestas de Nuevo Le\u00f3n.<\/p>\n","protected":false},"excerpt":{"rendered":"<p>El m\u00fasico Roberto Arturo Rodr\u00edguez Arg\u00fcello, originario de Torre\u00f3n, participar\u00e1 por tercera ocasi\u00f3n consecutiva como percusionista en la World Adult Wind Orchestra Project (WAWOP), una banda sinf\u00f3nica de nivel profesional &hellip; <a href=\"https:\/\/lavereda.com.mx\/index.php\/2025\/06\/19\/de-torreon-a-lerdo-sonara-en-festival-de-musica-en-austria\/\" class=\"more-link\">Leer m\u00e1s<\/a><\/p>\n","protected":false},"author":9,"featured_media":6944,"comment_status":"open","ping_status":"open","sticky":false,"template":"","format":"standard","meta":{"footnotes":""},"categories":[4],"tags":[],"class_list":["post-6940","post","type-post","status-publish","format-standard","has-post-thumbnail","hentry","category-musica","entry"],"_links":{"self":[{"href":"https:\/\/lavereda.com.mx\/index.php\/wp-json\/wp\/v2\/posts\/6940","targetHints":{"allow":["GET"]}}],"collection":[{"href":"https:\/\/lavereda.com.mx\/index.php\/wp-json\/wp\/v2\/posts"}],"about":[{"href":"https:\/\/lavereda.com.mx\/index.php\/wp-json\/wp\/v2\/types\/post"}],"author":[{"embeddable":true,"href":"https:\/\/lavereda.com.mx\/index.php\/wp-json\/wp\/v2\/users\/9"}],"replies":[{"embeddable":true,"href":"https:\/\/lavereda.com.mx\/index.php\/wp-json\/wp\/v2\/comments?post=6940"}],"version-history":[{"count":4,"href":"https:\/\/lavereda.com.mx\/index.php\/wp-json\/wp\/v2\/posts\/6940\/revisions"}],"predecessor-version":[{"id":6947,"href":"https:\/\/lavereda.com.mx\/index.php\/wp-json\/wp\/v2\/posts\/6940\/revisions\/6947"}],"wp:featuredmedia":[{"embeddable":true,"href":"https:\/\/lavereda.com.mx\/index.php\/wp-json\/wp\/v2\/media\/6944"}],"wp:attachment":[{"href":"https:\/\/lavereda.com.mx\/index.php\/wp-json\/wp\/v2\/media?parent=6940"}],"wp:term":[{"taxonomy":"category","embeddable":true,"href":"https:\/\/lavereda.com.mx\/index.php\/wp-json\/wp\/v2\/categories?post=6940"},{"taxonomy":"post_tag","embeddable":true,"href":"https:\/\/lavereda.com.mx\/index.php\/wp-json\/wp\/v2\/tags?post=6940"}],"curies":[{"name":"wp","href":"https:\/\/api.w.org\/{rel}","templated":true}]}}