{"id":6936,"date":"2025-06-16T23:39:53","date_gmt":"2025-06-16T23:39:53","guid":{"rendered":"https:\/\/lavereda.com.mx\/?p=6936"},"modified":"2025-06-16T23:50:02","modified_gmt":"2025-06-16T23:50:02","slug":"ramon-shade-se-retira-de-camerata-de-coahuila-despues-de-31-anos","status":"publish","type":"post","link":"https:\/\/lavereda.com.mx\/index.php\/2025\/06\/16\/ramon-shade-se-retira-de-camerata-de-coahuila-despues-de-31-anos\/","title":{"rendered":"Ram\u00f3n Shade se retira de Camerata de Coahuila despu\u00e9s de 31 a\u00f1os"},"content":{"rendered":"\n<p>Ram\u00f3n Shade, director art\u00edstico y fundador de la Camerata de Coahuila, ha dejado de formar parte de la orquesta despu\u00e9s de 31 a\u00f1os. El torreonense que cuenta con estudios en Viena y una amplia carrera musical, ha iniciado su proceso de jubilaci\u00f3n.<\/p>\n\n\n\n<p>El vicepresidente del patronato de la orquesta, el magistrado Miguel Mery Ayup, afirm\u00f3 en entrevista que Ram\u00f3n Shade puso a Camerata en un nivel internacional y de alta calidad. Se mostr\u00f3 agradecido con los logros obtenidos por el director frente a una de las orquestas m\u00e1s importantes de M\u00e9xico.<\/p>\n\n\n\n<blockquote class=\"wp-block-quote is-layout-flow wp-block-quote-is-layout-flow\">\n<p>\u201cEs un tema de tiempo y de trayectoria, tiene derecho a tener una jubilaci\u00f3n por estos 30 a\u00f1os de gran trabajo, en donde nos ha honrado a las y los coahuilenses con su profesionalismo, es un hombre creativo que fortaleci\u00f3 a lo que a m\u00ed me parece uno de los elementos de identidad de los torreonenses: la Camerata de Coahuila\u201d.<\/p>\n\n\n\n<figure class=\"wp-block-image size-large is-resized\"><img fetchpriority=\"high\" decoding=\"async\" width=\"1024\" height=\"682\" src=\"https:\/\/lavereda.com.mx\/wp-content\/uploads\/2025\/06\/WhatsApp-Image-2025-06-15-at-12.21.20-PM-1024x682.jpeg\" alt=\"\" class=\"wp-image-6938\" style=\"width:394px;height:auto\" srcset=\"https:\/\/lavereda.com.mx\/wp-content\/uploads\/2025\/06\/WhatsApp-Image-2025-06-15-at-12.21.20-PM-1024x682.jpeg 1024w, https:\/\/lavereda.com.mx\/wp-content\/uploads\/2025\/06\/WhatsApp-Image-2025-06-15-at-12.21.20-PM-300x200.jpeg 300w, https:\/\/lavereda.com.mx\/wp-content\/uploads\/2025\/06\/WhatsApp-Image-2025-06-15-at-12.21.20-PM-768x511.jpeg 768w, https:\/\/lavereda.com.mx\/wp-content\/uploads\/2025\/06\/WhatsApp-Image-2025-06-15-at-12.21.20-PM.jpeg 1280w\" sizes=\"(max-width: 1024px) 100vw, 1024px\" \/><\/figure>\n<\/blockquote>\n\n\n\n<p><\/p>\n\n\n\n<p>El magistrado agreg\u00f3 que siempre hay un inicio y tambi\u00e9n hay un proceso de conclusi\u00f3n, que son temas de tiempo y dijo que todo se ha dado en buenos t\u00e9rminos.<\/p>\n\n\n\n<blockquote class=\"wp-block-quote is-layout-flow wp-block-quote-is-layout-flow\">\n<p>\u201c\u00c9l deja una Camerata extraordinaria, en el R\u00e9quiem de Verdi, el ensamble que hubo fue perfecto entre m\u00fasicos, voces, coro, fue extraordinario. Estamos muy agradecidos con el maestro Ram\u00f3n, como presidente del patronato junto con mi esposa y muchas personas m\u00e1s\u201d.<\/p>\n\n\n\n<figure class=\"wp-block-image size-large is-resized\"><img decoding=\"async\" width=\"1024\" height=\"682\" src=\"https:\/\/lavereda.com.mx\/wp-content\/uploads\/2025\/06\/504104102_18504047140055551_7685513447682971940_n-1024x682.jpg\" alt=\"\" class=\"wp-image-6912\" style=\"width:396px;height:auto\" srcset=\"https:\/\/lavereda.com.mx\/wp-content\/uploads\/2025\/06\/504104102_18504047140055551_7685513447682971940_n-1024x682.jpg 1024w, https:\/\/lavereda.com.mx\/wp-content\/uploads\/2025\/06\/504104102_18504047140055551_7685513447682971940_n-300x200.jpg 300w, https:\/\/lavereda.com.mx\/wp-content\/uploads\/2025\/06\/504104102_18504047140055551_7685513447682971940_n-768x512.jpg 768w, https:\/\/lavereda.com.mx\/wp-content\/uploads\/2025\/06\/504104102_18504047140055551_7685513447682971940_n.jpg 1100w\" sizes=\"(max-width: 1024px) 100vw, 1024px\" \/><\/figure>\n\n\n\n<p><\/p>\n\n\n\n<h4 class=\"wp-block-heading\">\u00bfQui\u00e9n estar\u00e1 frente a la Camerata?<\/h4>\n<\/blockquote>\n\n\n\n<p>Miguel Mery adelant\u00f3 que a partir de ahora y por el momento estar\u00e1 al frente de Camerata el director Ethan Eager, quien ya fung\u00eda como subdirector de la agrupaci\u00f3n.<\/p>\n\n\n\n<p>\u201cEstar\u00e1 Ethan Eager, un hombre joven talentoso que tambi\u00e9n se ha formado y ha podido estar cerca del maestro Shade, con calma iremos viendo el tema de la direcci\u00f3n de la orquesta, por lo pronto \u00e9l estar\u00e1 como responsable\u201d.<\/p>\n\n\n\n<p>A\u00f1adi\u00f3 que \u201cvamos a plantear la siguiente temporada, me da mucho gusto ver nuevos p\u00fablicos en el teatro, cada vez que hay concierto, hemos atra\u00eddo a nuevos p\u00fablicos\u201d.<\/p>\n\n\n\n<h4 class=\"wp-block-heading\">Gran trayectoria<\/h4>\n\n\n\n<p>Ram\u00f3n Shade estudi\u00f3 direcci\u00f3n en la Universdad f\u00fcr Musik de Viena, Austria. Se desempe\u00f1\u00f3 como correpetidor en la \u00d3pera de C\u00e1mara Vienesa y el Conservatorio Franz Schubert. Ha dirigido a las principales orquestas el pa\u00eds y ha sido ha sido director invitado en los m\u00e1s importantes festivales, as\u00ed como en orquestas de Roma, Mosc\u00fa y Centroam\u00e9rica. <\/p>\n\n\n\n<p>Fue el Director Titular de la Orquesta Sinf\u00f3nica de la Universidad Aut\u00f3noma de Guadalajara, as\u00ed como de la Orquesta Sinf\u00f3nica de la Universidad Ju\u00e1rez del Estado de Durango.<\/p>\n\n\n\n<p>Es nombrado Lagunero Distinguido en el a\u00f1o 2004. Desde 1994 fue el director art\u00edstico de Camerata de Coahuila.<\/p>\n","protected":false},"excerpt":{"rendered":"<p>Ram\u00f3n Shade, director art\u00edstico y fundador de la Camerata de Coahuila, ha dejado de formar parte de la orquesta despu\u00e9s de 31 a\u00f1os. El torreonense que cuenta con estudios en &hellip; <a href=\"https:\/\/lavereda.com.mx\/index.php\/2025\/06\/16\/ramon-shade-se-retira-de-camerata-de-coahuila-despues-de-31-anos\/\" class=\"more-link\">Leer m\u00e1s<\/a><\/p>\n","protected":false},"author":9,"featured_media":6937,"comment_status":"open","ping_status":"open","sticky":false,"template":"","format":"standard","meta":{"footnotes":""},"categories":[4],"tags":[26,239],"class_list":["post-6936","post","type-post","status-publish","format-standard","has-post-thumbnail","hentry","category-musica","tag-camerata-de-coahuila","tag-ramon-shade","entry"],"_links":{"self":[{"href":"https:\/\/lavereda.com.mx\/index.php\/wp-json\/wp\/v2\/posts\/6936","targetHints":{"allow":["GET"]}}],"collection":[{"href":"https:\/\/lavereda.com.mx\/index.php\/wp-json\/wp\/v2\/posts"}],"about":[{"href":"https:\/\/lavereda.com.mx\/index.php\/wp-json\/wp\/v2\/types\/post"}],"author":[{"embeddable":true,"href":"https:\/\/lavereda.com.mx\/index.php\/wp-json\/wp\/v2\/users\/9"}],"replies":[{"embeddable":true,"href":"https:\/\/lavereda.com.mx\/index.php\/wp-json\/wp\/v2\/comments?post=6936"}],"version-history":[{"count":1,"href":"https:\/\/lavereda.com.mx\/index.php\/wp-json\/wp\/v2\/posts\/6936\/revisions"}],"predecessor-version":[{"id":6939,"href":"https:\/\/lavereda.com.mx\/index.php\/wp-json\/wp\/v2\/posts\/6936\/revisions\/6939"}],"wp:featuredmedia":[{"embeddable":true,"href":"https:\/\/lavereda.com.mx\/index.php\/wp-json\/wp\/v2\/media\/6937"}],"wp:attachment":[{"href":"https:\/\/lavereda.com.mx\/index.php\/wp-json\/wp\/v2\/media?parent=6936"}],"wp:term":[{"taxonomy":"category","embeddable":true,"href":"https:\/\/lavereda.com.mx\/index.php\/wp-json\/wp\/v2\/categories?post=6936"},{"taxonomy":"post_tag","embeddable":true,"href":"https:\/\/lavereda.com.mx\/index.php\/wp-json\/wp\/v2\/tags?post=6936"}],"curies":[{"name":"wp","href":"https:\/\/api.w.org\/{rel}","templated":true}]}}