{"id":6927,"date":"2025-06-14T19:53:30","date_gmt":"2025-06-14T19:53:30","guid":{"rendered":"https:\/\/lavereda.com.mx\/?p=6927"},"modified":"2025-06-14T19:55:58","modified_gmt":"2025-06-14T19:55:58","slug":"la-arriera-una-pelicula-sobre-la-libertad-y-valentia-femenina","status":"publish","type":"post","link":"https:\/\/lavereda.com.mx\/index.php\/2025\/06\/14\/la-arriera-una-pelicula-sobre-la-libertad-y-valentia-femenina\/","title":{"rendered":"La Arriera: una pel\u00edcula sobre la libertad y valent\u00eda femenina"},"content":{"rendered":"\n<ul class=\"wp-block-list\">\n<li><em>La pel\u00edcula es el primer largometraje de la directora mexicana Isabel Cristina Fregoso. En Torre\u00f3n se estrena este 19 de junio en Citicinemas.<\/em><\/li>\n<\/ul>\n\n\n\n<p>Este 19 de junio se estrena en salas comerciales la pel\u00edcula mexicana&nbsp;<strong>La Arriera<\/strong>, una historia que se sit\u00faa en un espacio de libertad, valent\u00eda y descubrimiento. La cinta dirigida por&nbsp;<strong>Isabel Cristina Fregoso&nbsp;<\/strong>es una historia \u00edntima, poderosa y profundamente humana que no se puede dejar pasar.<br><br>Esta pel\u00edcula mexicana nos transporta a los a\u00f1os 30, en plena sierra de Jalisco, donde&nbsp;Emilia, una adolescente valiente, se trasviste de arriero y emprende un viaje que desaf\u00eda su mundo, su tiempo y las normas que buscan definirla.&nbsp;<\/p>\n\n\n\n<p>En ese tr\u00e1nsito Emilia descubrir\u00e1 su identidad, su deseo y su voz, en una traves\u00eda que no solo cambiar\u00e1 su destino, sino tambi\u00e9n la forma de enteder el amor y la libertad.&nbsp;<\/p>\n\n\n\n<p><strong>La Arriera<\/strong>&nbsp;es protagonizada por Andrea Aldana, Luis Vegas, Ale Cos\u00edo, Damayanti Quintanar, Christian Ramos, Mayra Batalla, Waldo Facco, Baltimore Beltr\u00e1n, Guadalupe Guti\u00e9rrez Batista y Sasha Gonz\u00e1lez. Su estreno en Torre\u00f3n ser\u00e1 en Citicinemas.<\/p>\n\n\n\n<p>En entrevista para&nbsp;<em>La Vereda<\/em>, la directora Isabel Fregoso y las actrices Andrea Aldana y Ale Cos\u00edo hablaron sobre su experiencia en \u00e9sta que es su primera pel\u00edcula en un papel principal:<\/p>\n\n\n\n<p><strong><em>Ser una mujer directora y proponer una historia sobre una adolescente que decide elegir un camino aventurado en los a\u00f1os 30\u00b4s, es algo muy revolucionario. \u00bfc\u00f3mo naci\u00f3 esta idea?<\/em><\/strong><\/p>\n\n\n\n<p>Isabel Fregoso: \u00abComo mujeres nos vemos en situaciones complejas, por la forma en que nos han educado, por ejemplo, por ser madres, me toc\u00f3 criar a mis hijos de forma aut\u00f3noma, me divorci\u00e9 cuando mis hijos estaban chiquitos, eso complejiza las cosas para las mujeres, entonces quise mostrar eso: lo que significa atreverse a vivir tu propia verdad, seg\u00fan tus ideas y tus sentimientos.<\/p>\n\n\n\n<p>Es a partir de una experiencia personal, creo que el g\u00e9nero nos pone en este sistema patriarcal y como mujeres nos hace un poco m\u00e1s vulnerable.&nbsp;<\/p>\n\n\n\n<p>Cuando yo estudi\u00e9 cine \u00e9ramos 5 mujeres en el sal\u00f3n, a la fecha no somos m\u00e1s del 10 por ciento las mujeres directoras, esa numeralia est\u00e1 ah\u00ed, el tipo de historias de mujeres y personajes de mujeres son los que est\u00e1n en la pantalla, toda esa complejidad me llev\u00f3 a querer contar la historia de mi familia, la historia del campo, la cultura mexicana que es muy machista y c\u00f3mo las mujeres somos rebeldes ante eso, llegamos a dirigir ej\u00e9rcitos y a armar revoluciones y a conseguir el voto y tantas cosas, a decidir sobre nuestro cuerpo, todo esto no es de ahora, es de una lucha que viene atr\u00e1s, es lo que me inspir\u00f3 a filmar esa \u00e9poca\u00bb.<\/p>\n\n\n\n<figure class=\"wp-block-image size-large is-resized\"><img fetchpriority=\"high\" decoding=\"async\" width=\"720\" height=\"1024\" src=\"https:\/\/lavereda.com.mx\/wp-content\/uploads\/2025\/06\/LaArriera-WEB-720x1024.jpg\" alt=\"\" class=\"wp-image-6930\" style=\"width:433px;height:auto\" srcset=\"https:\/\/lavereda.com.mx\/wp-content\/uploads\/2025\/06\/LaArriera-WEB-720x1024.jpg 720w, https:\/\/lavereda.com.mx\/wp-content\/uploads\/2025\/06\/LaArriera-WEB-211x300.jpg 211w, https:\/\/lavereda.com.mx\/wp-content\/uploads\/2025\/06\/LaArriera-WEB-768x1092.jpg 768w, https:\/\/lavereda.com.mx\/wp-content\/uploads\/2025\/06\/LaArriera-WEB-1080x1536.jpg 1080w, https:\/\/lavereda.com.mx\/wp-content\/uploads\/2025\/06\/LaArriera-WEB.jpg 1200w\" sizes=\"(max-width: 720px) 100vw, 720px\" \/><\/figure>\n\n\n\n<p><\/p>\n\n\n\n<p><strong><em>La pel\u00edcula es un viaje con un gran paisaje y fotograf\u00eda rural de los a\u00f1os 30\u00b4s, \u00bfcu\u00e1l dir\u00edas t\u00fa que es el sentido moderno de esta propuesta?<\/em><\/strong><\/p>\n\n\n\n<p>Isabel Fregoso: \u00abLo moderno est\u00e1 en el hecho de que sean personajes femeninos las protagonistas, que sea una historia que cuenta cosas que normalmente no se cuentan, como este despertar sexual, b\u00fasqueda de identidad que tenemos en la adolescencia en el campo, la situaci\u00f3n de enamoramiento inesperado de alguien muy cercano a ti, es algo que nos ha pasado a muchas personas en las familias, siempre hay una prima, un primo que se acerca m\u00e1s a ti, porque uno est\u00e1 en ese despertar emocional en la adolescencia. Hablar de esos temas es lo que la hace diferente y contempor\u00e1nea, nosotros no hablamos de un M\u00e9xico rural desde donde siempre se ha hablado, sino desde otro \u00e1ngulo que es un \u00e1ngulo feminista, un \u00e1ngulo muy sensible y un \u00e1ngulo muy amoroso desde el campo\u00bb.<\/p>\n\n\n\n<p><strong><em>Aprovechando a las protagonistas, cu\u00e9ntenos un poquito de su experiencia al personificar a Emilia y a Caro<\/em><\/strong><\/p>\n\n\n\n<p>Andrea Aldana: \u00abEs mi primer pel\u00edcula y mi primer protag\u00f3nico, yo he escuchado a muchos actores y actrices que dicen que los personajes los eligen y me gust\u00f3 que Emilia me eligi\u00f3 por algo que tengo que aprender y es complicado para m\u00ed como mujer&nbsp;&nbsp;y como actriz el tener que practicar muchas cosas o deconstruirme en otras, que quiz\u00e1 yo no hab\u00eda puesto atenci\u00f3n. Eso precisamente fue lo que hizo el personaje, porque as\u00ed como ella tambi\u00e9n est\u00e1 buscando su identidad, su lugar en el mundo tambi\u00e9n Andrea lo estaba haciendo al tener que dejar todas sus comodidades en su casa, su hijo, grabar tu primera pel\u00edcula como protag\u00f3nico, entonces todo este viaje que ya tiene internamente, tambi\u00e9n lo tuve yo como mujer y como que conecta muy lindo con el personaje desde esa parte, porque yo tambi\u00e9n estaba en esta b\u00fasqueda de cuestionarme much\u00edsimas cosas, y creo que se refleja muy bien en la pantalla\u00bb.<\/p>\n\n\n\n<p>Ale Cos\u00edo: \u00abFue muy lindo poder conectar con mi familia, con la vida del campo que s\u00ed fue un reto.&nbsp;Lo disfrut\u00e9 much\u00edsimo, y m\u00e1s que nada poder explorar esta historia y poder permitirme sentir y explorar hacia donde me llevaba el personaje Caro y eso fue muy, muy lindo\u00bb.<\/p>\n\n\n\n<figure class=\"wp-block-image size-large is-resized\"><img decoding=\"async\" width=\"1024\" height=\"437\" src=\"https:\/\/lavereda.com.mx\/wp-content\/uploads\/2025\/06\/07LaArrieraStill-1024x437.jpg\" alt=\"\" class=\"wp-image-6929\" style=\"width:493px;height:auto\" srcset=\"https:\/\/lavereda.com.mx\/wp-content\/uploads\/2025\/06\/07LaArrieraStill-1024x437.jpg 1024w, https:\/\/lavereda.com.mx\/wp-content\/uploads\/2025\/06\/07LaArrieraStill-300x128.jpg 300w, https:\/\/lavereda.com.mx\/wp-content\/uploads\/2025\/06\/07LaArrieraStill-768x328.jpg 768w, https:\/\/lavereda.com.mx\/wp-content\/uploads\/2025\/06\/07LaArrieraStill.jpg 1200w\" sizes=\"(max-width: 1024px) 100vw, 1024px\" \/><\/figure>\n\n\n\n<p><\/p>\n\n\n\n<p><strong><em>\u00bfQu\u00e9 signific\u00f3 para ustedes trabajar con una mujer directora en una producci\u00f3n con muchas mujeres?<\/em><\/strong><\/p>\n\n\n\n<p>Ale Cos\u00edo:&nbsp;\u00abIsabel tiene esta sensibilidad enorme, que nos la transmite y nos permite como ir ah\u00ed discretamente lento, trabajar muy honestamente de una forma muy sencilla, y que sin embargo, sin la energ\u00eda femenina, siento que no funcionar\u00eda de la misma manera y tambi\u00e9n nos ayud\u00f3 much\u00edsimo, yo me sent\u00ed muy c\u00f3moda todo el tiempo y y gracias a eso pude explorar y buscar sin miedo a nada\u00bb.<\/p>\n\n\n\n<p>Andrea: \u00abCa\u00edmos en un lugar muy seguro para ser nuestra primera pel\u00edcula, fuimos afortunadas en el hecho de qu\u00e9 la fot\u00f3grafa, la directora, la coach para las escenas de intimidad, la compa\u00f1era actriz, la que es el personaje de mi mam\u00e1, tambi\u00e9n siempre estuvo acompa\u00f1\u00e1ndolos much\u00edsimo fuera y dentro. Fue un lugar que se convirti\u00f3 muy sano y muy seguro para comunicar todo lo que estaba pasando, y pues cuando cuando un grupo de personas se est\u00e1 emocionando conectando por una misma idea, es una energ\u00eda que transforma y eso se ve totalmente en la pel\u00edcula\u00bb.<\/p>\n\n\n\n<p><em>La Arriera<\/em>\u00a0gan\u00f3 el\u00a0<strong>Premio Mezcal a\u00a0la\u00a0Mejor Fotograf\u00eda<\/strong>\u00a0en el Festival Internacional de Cine en Guadalajara (FICG) 2024 y tambi\u00e9n el\u00a0<strong>Premio Mezcal a\u00a0la\u00a0Mejor Direcci\u00f3n<\/strong>, para\u00a0<strong>Isabel Cristina Fregoso<\/strong>. La\u00a0producci\u00f3n est\u00e1 a cargo de\u00a0<strong>Machete<\/strong>\u00a0y\u00a0<strong>Al Pasito Cine<\/strong>.<\/p>\n\n\n\n<p><\/p>\n","protected":false},"excerpt":{"rendered":"<p>Este 19 de junio se estrena en salas comerciales la pel\u00edcula mexicana&nbsp;La Arriera, una historia que se sit\u00faa en un espacio de libertad, valent\u00eda y descubrimiento. La cinta dirigida por&nbsp;Isabel &hellip; <a href=\"https:\/\/lavereda.com.mx\/index.php\/2025\/06\/14\/la-arriera-una-pelicula-sobre-la-libertad-y-valentia-femenina\/\" class=\"more-link\">Leer m\u00e1s<\/a><\/p>\n","protected":false},"author":9,"featured_media":6928,"comment_status":"open","ping_status":"open","sticky":false,"template":"","format":"standard","meta":{"footnotes":""},"categories":[6],"tags":[],"class_list":["post-6927","post","type-post","status-publish","format-standard","has-post-thumbnail","hentry","category-cinetv","entry"],"_links":{"self":[{"href":"https:\/\/lavereda.com.mx\/index.php\/wp-json\/wp\/v2\/posts\/6927","targetHints":{"allow":["GET"]}}],"collection":[{"href":"https:\/\/lavereda.com.mx\/index.php\/wp-json\/wp\/v2\/posts"}],"about":[{"href":"https:\/\/lavereda.com.mx\/index.php\/wp-json\/wp\/v2\/types\/post"}],"author":[{"embeddable":true,"href":"https:\/\/lavereda.com.mx\/index.php\/wp-json\/wp\/v2\/users\/9"}],"replies":[{"embeddable":true,"href":"https:\/\/lavereda.com.mx\/index.php\/wp-json\/wp\/v2\/comments?post=6927"}],"version-history":[{"count":2,"href":"https:\/\/lavereda.com.mx\/index.php\/wp-json\/wp\/v2\/posts\/6927\/revisions"}],"predecessor-version":[{"id":6932,"href":"https:\/\/lavereda.com.mx\/index.php\/wp-json\/wp\/v2\/posts\/6927\/revisions\/6932"}],"wp:featuredmedia":[{"embeddable":true,"href":"https:\/\/lavereda.com.mx\/index.php\/wp-json\/wp\/v2\/media\/6928"}],"wp:attachment":[{"href":"https:\/\/lavereda.com.mx\/index.php\/wp-json\/wp\/v2\/media?parent=6927"}],"wp:term":[{"taxonomy":"category","embeddable":true,"href":"https:\/\/lavereda.com.mx\/index.php\/wp-json\/wp\/v2\/categories?post=6927"},{"taxonomy":"post_tag","embeddable":true,"href":"https:\/\/lavereda.com.mx\/index.php\/wp-json\/wp\/v2\/tags?post=6927"}],"curies":[{"name":"wp","href":"https:\/\/api.w.org\/{rel}","templated":true}]}}