{"id":6911,"date":"2025-06-08T18:04:30","date_gmt":"2025-06-08T18:04:30","guid":{"rendered":"https:\/\/lavereda.com.mx\/?p=6911"},"modified":"2025-06-09T02:26:32","modified_gmt":"2025-06-09T02:26:32","slug":"un-intenso-requiem-de-verdi-cautiva-al-publico-en-torreon","status":"publish","type":"post","link":"https:\/\/lavereda.com.mx\/index.php\/2025\/06\/08\/un-intenso-requiem-de-verdi-cautiva-al-publico-en-torreon\/","title":{"rendered":"Un intenso R\u00e9quiem de Verdi cautiva al p\u00fablico en Torre\u00f3n"},"content":{"rendered":"\n<p>Con la participaci\u00f3n de destacados solistas, dos coros con 115 voces en escena y una gran orquestaci\u00f3n, Camerata de Coahuila present\u00f3 este fin de semana por primera vez en su historia y en Torre\u00f3n el R\u00e9quiem de Giuseppe Verdi (Messa da R\u00e9quiem), en el escenario del Teatro Nazas, bajo la direcci\u00f3n de Ram\u00f3n Shade.<\/p>\n\n\n\n<p>Es una obra concebida post mortem en honor primero a Rossini y despu\u00e9s a Alessandro Manzoni, amigo de Giuseppe Verdi; en la que el p\u00fablico pudo disfrutar en alrededor de una hora y media de una experiencia musical dram\u00e1tica, rom\u00e1ntica y sobre todo muy virtuosa.<\/p>\n\n\n\n<p>El r\u00e9quiem const\u00f3 de siete grandes movimientos, el segundo de ellos con ocho fragmentos que en su conjunto ofrecieron un pasaje que se asemejaba a una misa coral y en momentos tomaba la intensidad de una \u00f3pera.<\/p>\n\n\n\n<blockquote class=\"wp-block-quote is-layout-flow wp-block-quote-is-layout-flow\">\n<p>De acuerdo con las notas al programa,&nbsp;la Messa da Requiem es la \u00fanica obra a gran escala de Verdi que no est\u00e1 concebida para el escenario, posee un estilo teatral, con pasajes de gran ternura y sencillez que contrastan con secciones intensamente dram\u00e1ticas. En aquel entonces, el eminente director de orquesta y pianista Hans von B\u00fclow lo describi\u00f3 acertadamente como \u00abla \u00faltima \u00f3pera de Verdi, con ropas de iglesia\u00bb<\/p>\n<\/blockquote>\n\n\n\n<p>El concierto cont\u00f3 con la participaci\u00f3n de&nbsp;la soprano Marcela Chac\u00f3n, la mezzosoprano Rosa Mu\u00f1oz, el tenor Eduardo Niave y el bajo Jos\u00e9 Luis Reynoso. Adem\u00e1s de la colaboraci\u00f3n de los coros del Instituto de M\u00fasica de Coahuila, dirigidos por Luz Alicia \u00c1vila, y del coro de la Compa\u00f1\u00eda de \u00d3pera de Saltillo, dirigido por Alejandro Reyes-Vald\u00e9s.<\/p>\n\n\n\n<p>Por momentos la obra mostr\u00f3 una musicalidad imponente, con la participaci\u00f3n de las secciones de cuerdas, percusiones y alientos de metal y de madera en toda su intensidad. En esta ocasi\u00f3n, la fuerza de los metales vibr\u00f3 en todo el recinto, incluso cuando en un momento los trompetistas se colocaron entre el p\u00fablico para dar mayor \u00e9nfasis a la m\u00fasica.<\/p>\n\n\n\n<figure class=\"wp-block-image size-large is-resized\"><img fetchpriority=\"high\" decoding=\"async\" width=\"1024\" height=\"768\" src=\"https:\/\/lavereda.com.mx\/wp-content\/uploads\/2025\/06\/IMG_4158-1024x768.jpg\" alt=\"\" class=\"wp-image-6913\" style=\"width:483px;height:auto\" srcset=\"https:\/\/lavereda.com.mx\/wp-content\/uploads\/2025\/06\/IMG_4158-1024x768.jpg 1024w, https:\/\/lavereda.com.mx\/wp-content\/uploads\/2025\/06\/IMG_4158-300x225.jpg 300w, https:\/\/lavereda.com.mx\/wp-content\/uploads\/2025\/06\/IMG_4158-768x576.jpg 768w, https:\/\/lavereda.com.mx\/wp-content\/uploads\/2025\/06\/IMG_4158.jpg 1100w\" sizes=\"(max-width: 1024px) 100vw, 1024px\" \/><\/figure>\n\n\n\n<p><\/p>\n\n\n\n<p>El R\u00e9quiem es una obra donde cada parte de la orquesta, las voces del coro y los solistas son protagonistas. La obra comienza con toda la orquesta, coros y solistas, despu\u00e9s cada una de las voces va tomando un papel principal, hasta terminar el \u00faltimo movimiento con la voz de la talentosa soprano Marcela Chac\u00f3n.<\/p>\n\n\n\n<p>La Messa da Requiem cont\u00f3 con una gran respuesta del p\u00fablico en las dos funciones el 6 y 7 de junio, con alrededor de 75 por ciento de las localidades ocupadas.<\/p>\n","protected":false},"excerpt":{"rendered":"<p>Con la participaci\u00f3n de destacados solistas, dos coros con 115 voces en escena y una gran orquestaci\u00f3n, Camerata de Coahuila present\u00f3 este fin de semana por primera vez en su &hellip; <a href=\"https:\/\/lavereda.com.mx\/index.php\/2025\/06\/08\/un-intenso-requiem-de-verdi-cautiva-al-publico-en-torreon\/\" class=\"more-link\">Leer m\u00e1s<\/a><\/p>\n","protected":false},"author":9,"featured_media":6912,"comment_status":"open","ping_status":"open","sticky":false,"template":"","format":"standard","meta":{"footnotes":""},"categories":[4],"tags":[26,236],"class_list":["post-6911","post","type-post","status-publish","format-standard","has-post-thumbnail","hentry","category-musica","tag-camerata-de-coahuila","tag-requiem-de-verdi","entry"],"_links":{"self":[{"href":"https:\/\/lavereda.com.mx\/index.php\/wp-json\/wp\/v2\/posts\/6911","targetHints":{"allow":["GET"]}}],"collection":[{"href":"https:\/\/lavereda.com.mx\/index.php\/wp-json\/wp\/v2\/posts"}],"about":[{"href":"https:\/\/lavereda.com.mx\/index.php\/wp-json\/wp\/v2\/types\/post"}],"author":[{"embeddable":true,"href":"https:\/\/lavereda.com.mx\/index.php\/wp-json\/wp\/v2\/users\/9"}],"replies":[{"embeddable":true,"href":"https:\/\/lavereda.com.mx\/index.php\/wp-json\/wp\/v2\/comments?post=6911"}],"version-history":[{"count":3,"href":"https:\/\/lavereda.com.mx\/index.php\/wp-json\/wp\/v2\/posts\/6911\/revisions"}],"predecessor-version":[{"id":6917,"href":"https:\/\/lavereda.com.mx\/index.php\/wp-json\/wp\/v2\/posts\/6911\/revisions\/6917"}],"wp:featuredmedia":[{"embeddable":true,"href":"https:\/\/lavereda.com.mx\/index.php\/wp-json\/wp\/v2\/media\/6912"}],"wp:attachment":[{"href":"https:\/\/lavereda.com.mx\/index.php\/wp-json\/wp\/v2\/media?parent=6911"}],"wp:term":[{"taxonomy":"category","embeddable":true,"href":"https:\/\/lavereda.com.mx\/index.php\/wp-json\/wp\/v2\/categories?post=6911"},{"taxonomy":"post_tag","embeddable":true,"href":"https:\/\/lavereda.com.mx\/index.php\/wp-json\/wp\/v2\/tags?post=6911"}],"curies":[{"name":"wp","href":"https:\/\/api.w.org\/{rel}","templated":true}]}}