{"id":6908,"date":"2025-06-07T18:35:20","date_gmt":"2025-06-07T18:35:20","guid":{"rendered":"https:\/\/lavereda.com.mx\/?p=6908"},"modified":"2025-06-07T18:35:20","modified_gmt":"2025-06-07T18:35:20","slug":"proyecto-adam","status":"publish","type":"post","link":"https:\/\/lavereda.com.mx\/index.php\/2025\/06\/07\/proyecto-adam\/","title":{"rendered":"Proyecto Adam"},"content":{"rendered":"\n<p>The Adam Project (2022)<\/p>\n\n\n\n<p>Netflix<\/p>\n\n\n\n<p>Esta es una maravillosa historia de ciencia ficci\u00f3n, que incluye viajes en el tiempo, para remediar una situaci\u00f3n familiar que ha dejado dolorosas heridas.<\/p>\n\n\n\n<p>Adam es un ni\u00f1o que ha sufrido la muerte de su padre y batalla para reponerse de la p\u00e9rdida. Un d\u00eda encuentra a un piloto mal herido en la cochera de su casa. Resulta que es \u00e9l mismo, en un viaje del futuro hacia el presente, donde el chico se encuentra.<\/p>\n\n\n\n<p>Juntos deben encontrar a su padre en el pasado, para cumplir con una misi\u00f3n secreta, que cambiar\u00e1 el rumbo de la humanidad. Los malvados que se encargar\u00e1n de impedirlo son tipos que exhiben letales adelantos tecnol\u00f3gicos.<\/p>\n\n\n\n<p>Aunque suena una trama familiar tiene su encanto, por la dosis de acci\u00f3n y humor que aportan Ryan Reynolds y Mark Ruffalo, con gran qu\u00edmica.<\/p>\n\n\n\n<p>La cinta habla sobre lo que uno cambiar\u00eda de su propio pasado si tuviera la oportunidad, y c\u00f3mo se debe aceptar su vida presente en base a las decisiones tomadas, para bien o para mal.<\/p>\n\n\n\n<p>Muy divertida.<\/p>\n\n\n\n<p>(PG. Orientaci\u00f3n de los padres)<\/p>\n\n\n\n<p>@LucianoCamposG<\/p>\n\n\n\n<figure class=\"wp-block-embed is-type-video is-provider-youtube wp-block-embed-youtube wp-embed-aspect-16-9 wp-has-aspect-ratio\"><div class=\"wp-block-embed__wrapper\">\n<iframe title=\"El proyecto Adam (EN ESPA\u00d1OL) | Avance oficial | Netflix\" width=\"1170\" height=\"658\" src=\"https:\/\/www.youtube.com\/embed\/6ayGhk_StJQ?feature=oembed\" frameborder=\"0\" allow=\"accelerometer; autoplay; clipboard-write; encrypted-media; gyroscope; picture-in-picture; web-share\" referrerpolicy=\"strict-origin-when-cross-origin\" allowfullscreen><\/iframe>\n<\/div><\/figure>\n","protected":false},"excerpt":{"rendered":"<p>The Adam Project (2022) Netflix Esta es una maravillosa historia de ciencia ficci\u00f3n, que incluye viajes en el tiempo, para remediar una situaci\u00f3n familiar que ha dejado dolorosas heridas. Adam &hellip; <a href=\"https:\/\/lavereda.com.mx\/index.php\/2025\/06\/07\/proyecto-adam\/\" class=\"more-link\">Leer m\u00e1s<\/a><\/p>\n","protected":false},"author":3,"featured_media":6909,"comment_status":"open","ping_status":"open","sticky":false,"template":"","format":"standard","meta":{"footnotes":""},"categories":[6,7],"tags":[],"class_list":["post-6908","post","type-post","status-publish","format-standard","has-post-thumbnail","hentry","category-cinetv","category-entretenimiento","entry"],"_links":{"self":[{"href":"https:\/\/lavereda.com.mx\/index.php\/wp-json\/wp\/v2\/posts\/6908","targetHints":{"allow":["GET"]}}],"collection":[{"href":"https:\/\/lavereda.com.mx\/index.php\/wp-json\/wp\/v2\/posts"}],"about":[{"href":"https:\/\/lavereda.com.mx\/index.php\/wp-json\/wp\/v2\/types\/post"}],"author":[{"embeddable":true,"href":"https:\/\/lavereda.com.mx\/index.php\/wp-json\/wp\/v2\/users\/3"}],"replies":[{"embeddable":true,"href":"https:\/\/lavereda.com.mx\/index.php\/wp-json\/wp\/v2\/comments?post=6908"}],"version-history":[{"count":1,"href":"https:\/\/lavereda.com.mx\/index.php\/wp-json\/wp\/v2\/posts\/6908\/revisions"}],"predecessor-version":[{"id":6910,"href":"https:\/\/lavereda.com.mx\/index.php\/wp-json\/wp\/v2\/posts\/6908\/revisions\/6910"}],"wp:featuredmedia":[{"embeddable":true,"href":"https:\/\/lavereda.com.mx\/index.php\/wp-json\/wp\/v2\/media\/6909"}],"wp:attachment":[{"href":"https:\/\/lavereda.com.mx\/index.php\/wp-json\/wp\/v2\/media?parent=6908"}],"wp:term":[{"taxonomy":"category","embeddable":true,"href":"https:\/\/lavereda.com.mx\/index.php\/wp-json\/wp\/v2\/categories?post=6908"},{"taxonomy":"post_tag","embeddable":true,"href":"https:\/\/lavereda.com.mx\/index.php\/wp-json\/wp\/v2\/tags?post=6908"}],"curies":[{"name":"wp","href":"https:\/\/api.w.org\/{rel}","templated":true}]}}