{"id":6905,"date":"2025-06-06T16:47:49","date_gmt":"2025-06-06T16:47:49","guid":{"rendered":"https:\/\/lavereda.com.mx\/?p=6905"},"modified":"2025-06-06T16:47:49","modified_gmt":"2025-06-06T16:47:49","slug":"dia-mundial-de-los-oceanos-reconocer-la-mayor-maravilla-de-la-naturaleza","status":"publish","type":"post","link":"https:\/\/lavereda.com.mx\/index.php\/2025\/06\/06\/dia-mundial-de-los-oceanos-reconocer-la-mayor-maravilla-de-la-naturaleza\/","title":{"rendered":"D\u00eda Mundial de los Oc\u00e9anos: reconocer la mayor maravilla de la naturaleza"},"content":{"rendered":"\n<ul class=\"wp-block-list\">\n<li><em>El 8 de junio de 2025 se celebra el D\u00eda Mundial de los Oc\u00e9anos, una fecha dedicada a reconocer la mayor maravilla de la naturaleza.<\/em><\/li>\n<\/ul>\n\n\n\n<p>El oc\u00e9ano representa la maravilla m\u00e1s grande de nuestro planeta, siendo una fuente casi infinita de alimento, oportunidades, conocimiento y admiraci\u00f3n.<\/p>\n\n\n\n<p>Bajo el lema \u201cMaravilla: sosteniendo lo que nos sostiene\u201d, el 8 de junio se celebra el D\u00eda Mundial de los Oc\u00e9anos 2025, una fecha clave para recordar la importancia vital de los oc\u00e9anos y promover su protecci\u00f3n a nivel global.<\/p>\n\n\n\n<p>El D\u00eda Mundial de los Oc\u00e9anos, proclamado por la Asamblea General de las Naciones Unidas en 2008, busca cada a\u00f1o sensibilizar sobre el papel fundamental que desempe\u00f1an los oc\u00e9anos en la vida del planeta. Este 2025, la conmemoraci\u00f3n cobra especial relevancia al coincidir con la Conferencia de las Naciones Unidas sobre los Oc\u00e9anos, que se celebrar\u00e1 en Niza, Francia, del 9 al 13 de junio, reuniendo a gobiernos, instituciones, sector privado y sociedad civil para buscar soluciones urgentes para la conservaci\u00f3n y uso sostenible de los oc\u00e9anos.<\/p>\n\n\n\n<p><strong>El papel esencial de los oc\u00e9anos<\/strong>Los oc\u00e9anos generan m\u00e1s del 50% del ox\u00edgeno que respiramos y absorben aproximadamente un tercio del CO\u2082 emitido por la actividad humana, regulando la temperatura global.<\/p>\n\n\n\n<p>Albergan el 80% de la biodiversidad conocida y son fuente de sustento para millones de personas en todo el mundo, desde comunidades costeras hasta econom\u00edas basadas en la pesca, el transporte y el turismo.<\/p>\n\n\n\n<p>Cubren m\u00e1s del 70% de la superficie terrestre y son el principal pulm\u00f3n del planeta.<\/p>\n\n\n\n<p><strong>Retos y urgencias<\/strong><br>A pesar de su importancia, los oc\u00e9anos enfrentan amenazas crecientes:<\/p>\n\n\n\n<p>El vertido de pl\u00e1sticos supera los 8 millones de toneladas anuales, afectando gravemente a la vida marina y reduciendo la poblaci\u00f3n de al menos el 90% de las especies mar\u00edtimas.<br>La acidificaci\u00f3n y el calentamiento global han causado la muerte de m\u00e1s del 50% de los arrecifes de coral, poniendo en riesgo ecosistemas enteros.<br>La sobreexplotaci\u00f3n pesquera y la contaminaci\u00f3n siguen deteriorando la salud de los oc\u00e9anos, exigiendo acciones inmediatas y coordinadas.<\/p>\n\n\n\n<p><strong>Acciones internacionales y el Tratado de Alta Mar<\/strong><br>Este a\u00f1o, la atenci\u00f3n internacional est\u00e1 puesta en la ratificaci\u00f3n del Tratado de Alta Mar, un acuerdo clave para proteger la biodiversidad en aguas internacionales. Espa\u00f1a ha sido el primer pa\u00eds de la Uni\u00f3n Europea en ratificarlo, aunque hasta mayo de 2025 solo nueve pa\u00edses lo han hecho. La ONU ha solicitado un papel diplom\u00e1tico activo para impulsar su entrada en vigor, que requiere 60 ratificaciones.<\/p>\n\n\n\n<p><strong>Llamado a la acci\u00f3n<\/strong><br>El director del proyecto 7 Maravillas Naturales de Am\u00e9rica, Diego Reina Anduze, indic\u00f3 que el lema de 2025, \u201cMaravilla: sosteniendo lo que nos sostiene\u201d, invita a reconectar con la esencia de nuestro planeta y a reconocer la urgencia de proteger los oc\u00e9anos, fuente de vida, bienestar y equilibrio clim\u00e1tico. La celebraci\u00f3n de este a\u00f1o, enmarcada en el Decenio de las Ciencias Oce\u00e1nicas para el Desarrollo Sostenible de la ONU, es una oportunidad para redoblar esfuerzos y compromisos en todos los niveles de la sociedad.<\/p>\n\n\n\n<p>La comunidad internacional, los gobiernos, las empresas y la ciudadan\u00eda est\u00e1n llamados a sumarse a este movimiento global, promoviendo la educaci\u00f3n, la investigaci\u00f3n y la acci\u00f3n concreta para garantizar la salud y la sostenibilidad de los oc\u00e9anos para las generaciones presentes y futuras.<\/p>\n","protected":false},"excerpt":{"rendered":"<p>El oc\u00e9ano representa la maravilla m\u00e1s grande de nuestro planeta, siendo una fuente casi infinita de alimento, oportunidades, conocimiento y admiraci\u00f3n. Bajo el lema \u201cMaravilla: sosteniendo lo que nos sostiene\u201d, &hellip; <a href=\"https:\/\/lavereda.com.mx\/index.php\/2025\/06\/06\/dia-mundial-de-los-oceanos-reconocer-la-mayor-maravilla-de-la-naturaleza\/\" class=\"more-link\">Leer m\u00e1s<\/a><\/p>\n","protected":false},"author":1,"featured_media":6906,"comment_status":"open","ping_status":"open","sticky":false,"template":"","format":"standard","meta":{"footnotes":""},"categories":[8],"tags":[],"class_list":["post-6905","post","type-post","status-publish","format-standard","has-post-thumbnail","hentry","category-sociedad","entry"],"_links":{"self":[{"href":"https:\/\/lavereda.com.mx\/index.php\/wp-json\/wp\/v2\/posts\/6905","targetHints":{"allow":["GET"]}}],"collection":[{"href":"https:\/\/lavereda.com.mx\/index.php\/wp-json\/wp\/v2\/posts"}],"about":[{"href":"https:\/\/lavereda.com.mx\/index.php\/wp-json\/wp\/v2\/types\/post"}],"author":[{"embeddable":true,"href":"https:\/\/lavereda.com.mx\/index.php\/wp-json\/wp\/v2\/users\/1"}],"replies":[{"embeddable":true,"href":"https:\/\/lavereda.com.mx\/index.php\/wp-json\/wp\/v2\/comments?post=6905"}],"version-history":[{"count":1,"href":"https:\/\/lavereda.com.mx\/index.php\/wp-json\/wp\/v2\/posts\/6905\/revisions"}],"predecessor-version":[{"id":6907,"href":"https:\/\/lavereda.com.mx\/index.php\/wp-json\/wp\/v2\/posts\/6905\/revisions\/6907"}],"wp:featuredmedia":[{"embeddable":true,"href":"https:\/\/lavereda.com.mx\/index.php\/wp-json\/wp\/v2\/media\/6906"}],"wp:attachment":[{"href":"https:\/\/lavereda.com.mx\/index.php\/wp-json\/wp\/v2\/media?parent=6905"}],"wp:term":[{"taxonomy":"category","embeddable":true,"href":"https:\/\/lavereda.com.mx\/index.php\/wp-json\/wp\/v2\/categories?post=6905"},{"taxonomy":"post_tag","embeddable":true,"href":"https:\/\/lavereda.com.mx\/index.php\/wp-json\/wp\/v2\/tags?post=6905"}],"curies":[{"name":"wp","href":"https:\/\/api.w.org\/{rel}","templated":true}]}}