{"id":6893,"date":"2025-06-02T22:58:42","date_gmt":"2025-06-02T22:58:42","guid":{"rendered":"https:\/\/lavereda.com.mx\/?p=6893"},"modified":"2025-06-02T23:41:26","modified_gmt":"2025-06-02T23:41:26","slug":"camerata-de-coahuila-anuncia-el-requiem-de-verdi","status":"publish","type":"post","link":"https:\/\/lavereda.com.mx\/index.php\/2025\/06\/02\/camerata-de-coahuila-anuncia-el-requiem-de-verdi\/","title":{"rendered":"Camerata de Coahuila anuncia el R\u00e9quiem de Verdi"},"content":{"rendered":"\n<p>Camerata de Coahuila se prepara para despedir su temporada Primavera Verano 2025 en grande. La orquesta presentar\u00e1 por primera vez el \u201cR\u00e9quiem\u201d de Giuseppe Verdi. Este concierto se realizar\u00e1 en el Teatro Nazas, el viernes 6 de junio a las 20:30 horas y el s\u00e1bado 7 de junio a las 20:00 horas.<\/p>\n\n\n\n<p>En rueda de prensa se anunci\u00f3 hoy que la direcci\u00f3n estar\u00e1 a cargo del maestro Ram\u00f3n Shade, y contar\u00e1 con la participaci\u00f3n de destacados solistas: la soprano Marcela Chac\u00f3n, la mezzosoprano Rosa Mu\u00f1oz, el tenor Eduardo Niave y el bajo Jos\u00e9 Luis Reynoso. Adem\u00e1s, el concierto contar\u00e1 con la colaboraci\u00f3n de los coros del Instituto de M\u00fasica de Coahuila, dirigidos por Luz Alicia \u00c1vila, y del coro de la Compa\u00f1\u00eda de \u00d3pera de Saltillo, dirigido por Alejandro Reyes-Vald\u00e9s.<\/p>\n\n\n\n<p>La Messa da Requiem de Giuseppe Verdi (1813-1901), nace de la idea de hacer un r\u00e9quiem entre diferentes compositores en honor al compositor G. Rossini, despu\u00e9s de su muerte en 1868, obra conocida como Misa para Rossini. M\u00e1s adelante, producto de la muerte de un amigo suyo, Alessandro Manzoni (1785-1873), con quien compart\u00eda el compromiso por la uni\u00f3n de Italia, Verdi decide esta vez escribir una Misa de Requiem en su totalidad, para as\u00ed honrar a su amigo. Finalmente, la Messa da Requiem de G. Verdi, se estrena en el primer aniversario de la muerte de Alessandro Manzoni, el 22 de mayo de 1874, en la Iglesia de San Marcos de Mil\u00e1n.<\/p>\n\n\n\n<p>Si bien, la Messa da Requiem es la \u00fanica obra a gran escala de Verdi que no esta concebida para el escenario, posee un estilo teatral, con pasajes de gran ternura y sencillez que contrastan con secciones intensamente dram\u00e1ticas. En aquel entonces, el eminente director de orquesta y pianista Hans von B\u00fclow lo describi\u00f3 acertadamente como \u00abla \u00faltima \u00f3pera de Verdi, con ropas de iglesia\u00bb.<\/p>\n\n\n\n<blockquote class=\"wp-block-quote is-layout-flow wp-block-quote-is-layout-flow\">\n<p>Pocas obras corales han cautivado al p\u00fablico como lo hizo el Requiem de Verdi. La sencillez y franqueza de su estilo, sus melod\u00edas l\u00edricas y emotivas que encajan a la perfecci\u00f3n con la voz humana, la brillante orquestaci\u00f3n y, sobre todo, la extraordinaria intensidad dram\u00e1tica y emocional de la obra, contribuyen a que el Requiem sea considerado uno de los grandes iconos de la m\u00fasica occidental.<\/p>\n<\/blockquote>\n\n\n\n<p>Este concierto contar\u00e1 con dos presentaciones, por \u00fanica ocasi\u00f3n este viernes 06 en punto de las 20:30 horas y s\u00e1bado 07 de junio en punto de las 20:00 horas, en el Teatro Nazas. Los boletos pueden ser adquiridos en la plataforma Newticket y en taquillas del teatro de 11:00 AM a 7:00 PM.<\/p>\n","protected":false},"excerpt":{"rendered":"<p>Camerata de Coahuila se prepara para despedir su temporada Primavera Verano 2025 en grande. La orquesta presentar\u00e1 por primera vez el \u201cR\u00e9quiem\u201d de Giuseppe Verdi. Este concierto se realizar\u00e1 en &hellip; <a href=\"https:\/\/lavereda.com.mx\/index.php\/2025\/06\/02\/camerata-de-coahuila-anuncia-el-requiem-de-verdi\/\" class=\"more-link\">Leer m\u00e1s<\/a><\/p>\n","protected":false},"author":9,"featured_media":6894,"comment_status":"open","ping_status":"open","sticky":false,"template":"","format":"standard","meta":{"footnotes":""},"categories":[4],"tags":[],"class_list":["post-6893","post","type-post","status-publish","format-standard","has-post-thumbnail","hentry","category-musica","entry"],"_links":{"self":[{"href":"https:\/\/lavereda.com.mx\/index.php\/wp-json\/wp\/v2\/posts\/6893","targetHints":{"allow":["GET"]}}],"collection":[{"href":"https:\/\/lavereda.com.mx\/index.php\/wp-json\/wp\/v2\/posts"}],"about":[{"href":"https:\/\/lavereda.com.mx\/index.php\/wp-json\/wp\/v2\/types\/post"}],"author":[{"embeddable":true,"href":"https:\/\/lavereda.com.mx\/index.php\/wp-json\/wp\/v2\/users\/9"}],"replies":[{"embeddable":true,"href":"https:\/\/lavereda.com.mx\/index.php\/wp-json\/wp\/v2\/comments?post=6893"}],"version-history":[{"count":2,"href":"https:\/\/lavereda.com.mx\/index.php\/wp-json\/wp\/v2\/posts\/6893\/revisions"}],"predecessor-version":[{"id":6897,"href":"https:\/\/lavereda.com.mx\/index.php\/wp-json\/wp\/v2\/posts\/6893\/revisions\/6897"}],"wp:featuredmedia":[{"embeddable":true,"href":"https:\/\/lavereda.com.mx\/index.php\/wp-json\/wp\/v2\/media\/6894"}],"wp:attachment":[{"href":"https:\/\/lavereda.com.mx\/index.php\/wp-json\/wp\/v2\/media?parent=6893"}],"wp:term":[{"taxonomy":"category","embeddable":true,"href":"https:\/\/lavereda.com.mx\/index.php\/wp-json\/wp\/v2\/categories?post=6893"},{"taxonomy":"post_tag","embeddable":true,"href":"https:\/\/lavereda.com.mx\/index.php\/wp-json\/wp\/v2\/tags?post=6893"}],"curies":[{"name":"wp","href":"https:\/\/api.w.org\/{rel}","templated":true}]}}