{"id":6882,"date":"2025-05-29T23:15:41","date_gmt":"2025-05-29T23:15:41","guid":{"rendered":"https:\/\/lavereda.com.mx\/?p=6882"},"modified":"2025-05-29T23:15:41","modified_gmt":"2025-05-29T23:15:41","slug":"exhiben-obra-del-destacado-muralista-mario-orozco-rivera","status":"publish","type":"post","link":"https:\/\/lavereda.com.mx\/index.php\/2025\/05\/29\/exhiben-obra-del-destacado-muralista-mario-orozco-rivera\/","title":{"rendered":"Exhiben obra del destacado muralista Mario Orozco Rivera"},"content":{"rendered":"\n<ul class=\"wp-block-list\">\n<li><em>El artista fue disc\u00edpulo de David Alfaro Siqueiros<\/em><\/li>\n<\/ul>\n\n\n\n<p>A partir de hoy la Galer\u00eda de Arte Contempor\u00e1neo del Teatro Isauro Mart\u00ednez presenta la exposici\u00f3n \u00abMario Orozco Rivera: Reminiscencias del Muralismo Mexicano\u00bb, integrada por 6 obras de la colecci\u00f3n Valdez Lorenzo.<\/p>\n\n\n\n<p>La inauguraci\u00f3n es este jueves 29 de mayo a las 19:30 horas.<\/p>\n\n\n\n<p>Mario Orozco es un destacado muralista mexicano, formado en \u201cLa Esmeralda\u201d y disc\u00edpulo de David Alfaro Siqueiros, con quien colabor\u00f3 en murales emblem\u00e1ticos como los del Polyforum Cultural Siqueiros.<\/p>\n\n\n\n<p>Su obra abarc\u00f3 pintura, escultura y promoci\u00f3n cultural, con exposiciones en espacios como el Palacio de Bellas Artes y presencia internacional.<\/p>\n\n\n\n<p>Comprometido con el arte como herramienta social, Orozco Rivera representa el esp\u00edritu combativo y creativo de la Escuela Mexicana de Pintura.<\/p>\n\n\n\n<p>Adem\u00e1s de los grandes formatos, la obra de Orozco fue prol\u00edfica y multifac\u00e9tica. En la segunda d\u00e9cada del siglo XX, sus cuadros viajaron por distintas latitudes como Argentina, Estados Unidos, Reino Unido, Italia, Cuba y la Uni\u00f3n Sovi\u00e9tica.<\/p>\n\n\n\n<p>El muralismo mexicano y la militancia en movimientos socialistas aparecen como una constante en los referentes ideol\u00f3gicos de esta generaci\u00f3n de artistas. Las artes visuales se convirtieron en un veh\u00edculo ideal para plasmar las demandas de la revoluci\u00f3n en las d\u00e9cadas posteriores a la misma.<\/p>\n\n\n\n<p>La figura de Mario, tanto en sus trazos como en su legado, representa un recordatorio del potencial creativo y el paradigma que gui\u00f3 la producci\u00f3n art\u00edstica del pa\u00eds durante un momento hist\u00f3rico muy significativo, compartieron los curadores de la exposici\u00f3n.<\/p>\n","protected":false},"excerpt":{"rendered":"<p>A partir de hoy la Galer\u00eda de Arte Contempor\u00e1neo del Teatro Isauro Mart\u00ednez presenta la exposici\u00f3n \u00abMario Orozco Rivera: Reminiscencias del Muralismo Mexicano\u00bb, integrada por 6 obras de la colecci\u00f3n &hellip; <a href=\"https:\/\/lavereda.com.mx\/index.php\/2025\/05\/29\/exhiben-obra-del-destacado-muralista-mario-orozco-rivera\/\" class=\"more-link\">Leer m\u00e1s<\/a><\/p>\n","protected":false},"author":1,"featured_media":6883,"comment_status":"open","ping_status":"open","sticky":false,"template":"","format":"standard","meta":{"footnotes":""},"categories":[3,18],"tags":[],"class_list":["post-6882","post","type-post","status-publish","format-standard","has-post-thumbnail","hentry","category-artes-visuales","category-lomasrelevante","entry"],"_links":{"self":[{"href":"https:\/\/lavereda.com.mx\/index.php\/wp-json\/wp\/v2\/posts\/6882","targetHints":{"allow":["GET"]}}],"collection":[{"href":"https:\/\/lavereda.com.mx\/index.php\/wp-json\/wp\/v2\/posts"}],"about":[{"href":"https:\/\/lavereda.com.mx\/index.php\/wp-json\/wp\/v2\/types\/post"}],"author":[{"embeddable":true,"href":"https:\/\/lavereda.com.mx\/index.php\/wp-json\/wp\/v2\/users\/1"}],"replies":[{"embeddable":true,"href":"https:\/\/lavereda.com.mx\/index.php\/wp-json\/wp\/v2\/comments?post=6882"}],"version-history":[{"count":1,"href":"https:\/\/lavereda.com.mx\/index.php\/wp-json\/wp\/v2\/posts\/6882\/revisions"}],"predecessor-version":[{"id":6884,"href":"https:\/\/lavereda.com.mx\/index.php\/wp-json\/wp\/v2\/posts\/6882\/revisions\/6884"}],"wp:featuredmedia":[{"embeddable":true,"href":"https:\/\/lavereda.com.mx\/index.php\/wp-json\/wp\/v2\/media\/6883"}],"wp:attachment":[{"href":"https:\/\/lavereda.com.mx\/index.php\/wp-json\/wp\/v2\/media?parent=6882"}],"wp:term":[{"taxonomy":"category","embeddable":true,"href":"https:\/\/lavereda.com.mx\/index.php\/wp-json\/wp\/v2\/categories?post=6882"},{"taxonomy":"post_tag","embeddable":true,"href":"https:\/\/lavereda.com.mx\/index.php\/wp-json\/wp\/v2\/tags?post=6882"}],"curies":[{"name":"wp","href":"https:\/\/api.w.org\/{rel}","templated":true}]}}