{"id":6877,"date":"2025-05-27T01:26:21","date_gmt":"2025-05-27T01:26:21","guid":{"rendered":"https:\/\/lavereda.com.mx\/?p=6877"},"modified":"2025-05-27T01:26:21","modified_gmt":"2025-05-27T01:26:21","slug":"alejandro-figueroa-lanza-su-nuevo-libro-proceso-de-seleccion","status":"publish","type":"post","link":"https:\/\/lavereda.com.mx\/index.php\/2025\/05\/27\/alejandro-figueroa-lanza-su-nuevo-libro-proceso-de-seleccion\/","title":{"rendered":"Alejandro Figueroa lanza su nuevo libro \u201cProceso de Selecci\u00f3n\u201d"},"content":{"rendered":"\n<p>\u201cProceso de selecci\u00f3n<em>\u201d <\/em>es la nueva obra literaria del escritor lagunero Alejandro Figueroa que ser\u00e1 presentada en los pr\u00f3ximos d\u00edas. La obra trata de un d\u00eda de entrevistas de trabajo en una empresa, para cubrir la vacante de secretaria. Aunque ya tienen seleccionada previamente a la persona, le hacen perder el tiempo a una postulante esperanzada y confiada en los procesos de selecci\u00f3n.<\/p>\n\n\n\n<p>El autor abund\u00f3 que esa persona es la protagonista, Julia, de edad indistinta y quien acude a la cita m\u00e1s que temprano, acompa\u00f1ada de su amiga Luisa.<\/p>\n\n\n\n<p>\u201c<em>Proceso de selecci\u00f3n<\/em> es mi nueva obra literaria, la s\u00e9ptima y ahora en el g\u00e9nero de dramaturgia, pensada en el concepto de Microteatro. Contin\u00fao la l\u00ednea de cr\u00edtica social, como la he abordado en la mayor\u00eda de mis libros. Otros de los personajes como Norma y Anselmo, parecer\u00edan haber salido de <em>C\u00ednicos <\/em>(2009) Tambi\u00e9n les puede recordar <em>Riesgos al dormir sobre la arena semicompacta <\/em>(2014)\u201d, comparti\u00f3 Alejandro en entrevista.<\/p>\n\n\n\n<p>Expres\u00f3 que la idea es que el lector se identifique con alguno de los protagonistas o antagonistas y los lleve a la reflexi\u00f3n. El sentarse un momento y analizar todos aquellos procedimientos que se siguen al pie de la letra, sin atisbo de mejora; metodolog\u00edas que quiz\u00e1 ya son caducas o tal vez nunca se han llevado a cabo como deber\u00edan y como se piensa.<\/p>\n\n\n\n<p>\u201cYa voy vislumbrando, con entusiasmo, la puesta en escena; claro que s\u00ed. El qui\u00e9n la dirigir\u00e1, si yo mismo o alguien m\u00e1s. Qui\u00e9n me acompa\u00f1ar\u00e1 al momento de integrar un equipo. sobre todo, que sepa lo que quiero comunicar\u201d.<\/p>\n\n\n\n<p>Sobre la secci\u00f3n de los actores, dijo que eso ya se ver\u00eda en su momento tambi\u00e9n. Ya hay algunos perfiles contemplados, pero todo a su tiempo.<\/p>\n\n\n\n<p>\u201cAhora se trata de leer, de recrear en la mente una historia que, si bien el contexto es invariable, puede tomar diferentes versiones seg\u00fan lo que imagine cada quien. Eso es muy interesante, darle vida, darle voz y desarrollo a lo que se ha plasmado en papel. Ya luego se ver\u00e1 qu\u00e9 coincide y qu\u00e9 no, he ah\u00ed lo maravilloso de la dramaturgia\u201d, puntualiz\u00f3.<\/p>\n\n\n\n<p>A\u00f1adi\u00f3 que \u00abProceso de selecci\u00f3n\u00bb es un retrato de lo cotidiano, una muestra de lo que viven tantas personas en su b\u00fasqueda de una oportunidad laboral. El tocar puertas en un lado y en otro, con la esperanza que una de ellas se abra y poder as\u00ed sufragar sus gastos a trav\u00e9s de un salario.<\/p>\n","protected":false},"excerpt":{"rendered":"<p>\u201cProceso de selecci\u00f3n\u201d es la nueva obra literaria del escritor lagunero Alejandro Figueroa que ser\u00e1 presentada en los pr\u00f3ximos d\u00edas. La obra trata de un d\u00eda de entrevistas de trabajo &hellip; <a href=\"https:\/\/lavereda.com.mx\/index.php\/2025\/05\/27\/alejandro-figueroa-lanza-su-nuevo-libro-proceso-de-seleccion\/\" class=\"more-link\">Leer m\u00e1s<\/a><\/p>\n","protected":false},"author":9,"featured_media":6880,"comment_status":"open","ping_status":"open","sticky":false,"template":"","format":"standard","meta":{"footnotes":""},"categories":[5,18],"tags":[],"class_list":["post-6877","post","type-post","status-publish","format-standard","has-post-thumbnail","hentry","category-letras-y-libros","category-lomasrelevante","entry"],"_links":{"self":[{"href":"https:\/\/lavereda.com.mx\/index.php\/wp-json\/wp\/v2\/posts\/6877","targetHints":{"allow":["GET"]}}],"collection":[{"href":"https:\/\/lavereda.com.mx\/index.php\/wp-json\/wp\/v2\/posts"}],"about":[{"href":"https:\/\/lavereda.com.mx\/index.php\/wp-json\/wp\/v2\/types\/post"}],"author":[{"embeddable":true,"href":"https:\/\/lavereda.com.mx\/index.php\/wp-json\/wp\/v2\/users\/9"}],"replies":[{"embeddable":true,"href":"https:\/\/lavereda.com.mx\/index.php\/wp-json\/wp\/v2\/comments?post=6877"}],"version-history":[{"count":2,"href":"https:\/\/lavereda.com.mx\/index.php\/wp-json\/wp\/v2\/posts\/6877\/revisions"}],"predecessor-version":[{"id":6881,"href":"https:\/\/lavereda.com.mx\/index.php\/wp-json\/wp\/v2\/posts\/6877\/revisions\/6881"}],"wp:featuredmedia":[{"embeddable":true,"href":"https:\/\/lavereda.com.mx\/index.php\/wp-json\/wp\/v2\/media\/6880"}],"wp:attachment":[{"href":"https:\/\/lavereda.com.mx\/index.php\/wp-json\/wp\/v2\/media?parent=6877"}],"wp:term":[{"taxonomy":"category","embeddable":true,"href":"https:\/\/lavereda.com.mx\/index.php\/wp-json\/wp\/v2\/categories?post=6877"},{"taxonomy":"post_tag","embeddable":true,"href":"https:\/\/lavereda.com.mx\/index.php\/wp-json\/wp\/v2\/tags?post=6877"}],"curies":[{"name":"wp","href":"https:\/\/api.w.org\/{rel}","templated":true}]}}