{"id":6869,"date":"2025-05-22T23:54:40","date_gmt":"2025-05-22T23:54:40","guid":{"rendered":"https:\/\/lavereda.com.mx\/?p=6869"},"modified":"2025-05-23T01:19:03","modified_gmt":"2025-05-23T01:19:03","slug":"en-su-estreno-el-documental-mi-piel-oculta-llega-al-museo-arocena","status":"publish","type":"post","link":"https:\/\/lavereda.com.mx\/index.php\/2025\/05\/22\/en-su-estreno-el-documental-mi-piel-oculta-llega-al-museo-arocena\/","title":{"rendered":"En su estreno el documental \u201cMi Piel Oculta\u201d llega al Museo Arocena"},"content":{"rendered":"\n<p>Este 23 de mayo llega al Museo Arocena el documental&nbsp;<em>Mi piel oculta<\/em>, una direcci\u00f3n en conjunto de los directores mexicanos&nbsp;Guadalupe S\u00e1nchez&nbsp;y&nbsp;Pablo Delgado, que a trav\u00e9s de la entrevista como herramienta de investigaci\u00f3n construyen un di\u00e1logo sobre la corporalidad, sus posibilidades y aprendizajes.&nbsp;<\/p>\n\n\n\n<p>Se trata de una proyecci\u00f3n especial que se realizar\u00e1 a las 20:00 horas, con entrada libre.<br><em>Mi piel oculta<\/em>, es la historia de cuatro mujeres y un joven trans que viven sus cuerpos de forma distinta. Sin embargo, cuando hurgamos en sus memorias corporales, lo femenino, lo masculino, la violencia, y la sororidad se funden para confrontarnos con aquello que nombramos como \u201cnormal\u201d.<\/p>\n\n\n\n<p>En entrevista la directora Guadalupe S\u00e1nchez abund\u00f3 sobre este proyecto:<\/p>\n\n\n\n<p><strong>\u00bfC\u00f3mo naci\u00f3 esta idea?<\/strong><\/p>\n\n\n\n<p>Es un proyecto resultado de mi trayecotria, me inici\u00e9 haciendo animaci\u00f3n con una obra \u201cMentirosa\u201d que cumple 50 a\u00f1os.<\/p>\n\n\n\n<p>Vengo con este tema del cuerpo, he participado en diferentes colectivos de cine de mujeres, es el resultado de esta reflexi\u00f3n sobre nuestras vidas, nuestros cuerpos, de alguna manera esta pel\u00edcula es esa reflexi\u00f3n como mujeres, elijo cinco personas amigas entra\u00f1ables, personas con diferentes historias en su memoria corporal.<\/p>\n\n\n\n<p>Todos cargamos una memoria, desde que nacemos recibimos eventos felices, trsites impactantes, tenemos una corporalidad, gorda, chaparra, femenina, masculina, lo que pueda haber en medio, son historias \u00fanicas, es una b\u00fasqueda dentro de esta particularidad, como humanidad con temas que no hemos hablado mucho.<\/p>\n\n\n\n<p><strong>\u00bfConsideras que el cuerpo y la imagen siguen siendo un tema tab\u00fa en la actualidad?<\/strong><\/p>\n\n\n\n<p>Claro, es la parte interesante en la pel\u00edcula, nos reflejamos y tambi\u00e9n encontramos los prejuicios y estereotipos con los que crecemos. Una activista gorda me abri\u00f3 una ventana,<\/p>\n\n\n\n<p>Natalia chelista, mostr\u00f3 su amor y odio con la profesi\u00f3n y tratamiento de c\u00e1ncer. Tambi\u00e9n est\u00e1 una joven que vemos su transici\u00f3n desde peque\u00f1a y el di\u00e1logo con sus padres.<\/p>\n\n\n\n<p>Son historias llenas de sonrisas, abrazos, amor. Hombres y mujeres, otros y otras van a encontrar un di\u00e1logo que hace falta hacer.<\/p>\n\n\n\n<p><strong>\u00bfQu\u00e9 tan dif\u00edcil es producir documentales en M\u00e9xico y darles difusi\u00f3n?<\/strong><\/p>\n\n\n\n<p>Es muy dificil, he sido privilegiada, pero porque he trabajado mucho, me dieron la beca del Sistema Nacional de Creadores, inici\u00e9 y despu\u00e9s tuve el apoyo de IMCINE.<\/p>\n\n\n\n<p>Hay mucha gente haciendo muy bien cine, pero faltan espacios de exhibici\u00f3n\u2026 necesitamos que no que se proyecte la misma pel\u00edcula en 8 salas.<\/p>\n\n\n\n<p><strong>\u00bfC\u00f3mo ha sido la respuesta al documental?<\/strong><\/p>\n\n\n\n<p>Es emocionante escuchar las voces del p\u00fablico, poder ir siguiendo el di\u00e1logo con las preguntas y comentarios, que el proyecto se vaya enriqueciendo.<\/p>\n","protected":false},"excerpt":{"rendered":"<p>Este 23 de mayo llega al Museo Arocena el documental&nbsp;Mi piel oculta, una direcci\u00f3n en conjunto de los directores mexicanos&nbsp;Guadalupe S\u00e1nchez&nbsp;y&nbsp;Pablo Delgado, que a trav\u00e9s de la entrevista como herramienta &hellip; <a href=\"https:\/\/lavereda.com.mx\/index.php\/2025\/05\/22\/en-su-estreno-el-documental-mi-piel-oculta-llega-al-museo-arocena\/\" class=\"more-link\">Leer m\u00e1s<\/a><\/p>\n","protected":false},"author":9,"featured_media":6870,"comment_status":"open","ping_status":"open","sticky":false,"template":"","format":"standard","meta":{"footnotes":""},"categories":[6,18],"tags":[],"class_list":["post-6869","post","type-post","status-publish","format-standard","has-post-thumbnail","hentry","category-cinetv","category-lomasrelevante","entry"],"_links":{"self":[{"href":"https:\/\/lavereda.com.mx\/index.php\/wp-json\/wp\/v2\/posts\/6869","targetHints":{"allow":["GET"]}}],"collection":[{"href":"https:\/\/lavereda.com.mx\/index.php\/wp-json\/wp\/v2\/posts"}],"about":[{"href":"https:\/\/lavereda.com.mx\/index.php\/wp-json\/wp\/v2\/types\/post"}],"author":[{"embeddable":true,"href":"https:\/\/lavereda.com.mx\/index.php\/wp-json\/wp\/v2\/users\/9"}],"replies":[{"embeddable":true,"href":"https:\/\/lavereda.com.mx\/index.php\/wp-json\/wp\/v2\/comments?post=6869"}],"version-history":[{"count":2,"href":"https:\/\/lavereda.com.mx\/index.php\/wp-json\/wp\/v2\/posts\/6869\/revisions"}],"predecessor-version":[{"id":6873,"href":"https:\/\/lavereda.com.mx\/index.php\/wp-json\/wp\/v2\/posts\/6869\/revisions\/6873"}],"wp:featuredmedia":[{"embeddable":true,"href":"https:\/\/lavereda.com.mx\/index.php\/wp-json\/wp\/v2\/media\/6870"}],"wp:attachment":[{"href":"https:\/\/lavereda.com.mx\/index.php\/wp-json\/wp\/v2\/media?parent=6869"}],"wp:term":[{"taxonomy":"category","embeddable":true,"href":"https:\/\/lavereda.com.mx\/index.php\/wp-json\/wp\/v2\/categories?post=6869"},{"taxonomy":"post_tag","embeddable":true,"href":"https:\/\/lavereda.com.mx\/index.php\/wp-json\/wp\/v2\/tags?post=6869"}],"curies":[{"name":"wp","href":"https:\/\/api.w.org\/{rel}","templated":true}]}}