{"id":6866,"date":"2025-05-07T18:18:34","date_gmt":"2025-05-07T18:18:34","guid":{"rendered":"https:\/\/lavereda.com.mx\/?p=6866"},"modified":"2025-05-21T22:54:42","modified_gmt":"2025-05-21T22:54:42","slug":"alex-lora-y-el-tri-listos-para-regresar-a-torreon","status":"publish","type":"post","link":"https:\/\/lavereda.com.mx\/index.php\/2025\/05\/07\/alex-lora-y-el-tri-listos-para-regresar-a-torreon\/","title":{"rendered":"Alex Lora y el TRI listos para regresar a Torre\u00f3n"},"content":{"rendered":"\n<p>Una leyenda del rock en M\u00e9xico y que permanece en el gusto de muchas generaciones, Alex Lora y el TRI, regresa a Torre\u00f3n para presentarse este s\u00e1bado 24 de mayo, en las instalaciones de la Expo Feria a las 21:00 horas. El concierto forma parte del encuentro de motociclistas \u201cLa lagunera 2025\u201d.<\/p>\n\n\n\n<p>Los inicios de esta banda y su l\u00edder se remontan al \u201cTri Souls in my Mind\u201d que comienza aproximadamente a finales de la d\u00e9cada de los sesenta, como uno de los grupos m\u00e1s importantes en el festival Av\u00e1ndaro, al lado de bandas como Dug Dugs, la Revoluci\u00f3n de Emiliano Zapata, Peace and Love, entre otros.<\/p>\n\n\n\n<p>El grupo permaneci\u00f3 tocando en los m\u00e1s importantes festivales de rock en M\u00e9xico, as\u00ed como sus conciertos en la c\u00e1rcel de Santa Martha.<\/p>\n\n\n\n<p>En 1985 el l\u00edder de la banda Alex Lora lanza su \u00e1lbum \u201cSimplemente el Tri\u201d. En 1986 lanza el disco \u201cHecho en M\u00e9xico\u201d y contin\u00faa con \u00e9xito tras \u00e9xito para despu\u00e9s seguir con el disco \u201cEl ni\u00f1o sin amor\u201d, \u201cOtra tocada m\u00e1s\u201d \u201c21 a\u00f1os despu\u00e9s\u201d, etc\u00e9tera.<\/p>\n\n\n\n<p>Recientemente El Tri present\u00f3 un concierto celebrando m\u00e1s de 50 a\u00f1os de trayectoria tocando durante m\u00e1s de 4 horas, en la Ciudad de M\u00e9xico.<\/p>\n\n\n\n<p>Algunos de sus principales \u00e9xitos son: \u201cAbuso de autoridad\u201d, \u201cEl A.D.O\u201d, \u201cUna y otra vez\u201d y temas del Tri como \u201cTriste canci\u00f3n de amor\u201d, \u201cVicioso\u201d, \u201cEl ni\u00f1o sin amor\u201d, \u201cLas piedras rodantes\u201d, entre otros.<\/p>\n","protected":false},"excerpt":{"rendered":"<p>Una leyenda del rock en M\u00e9xico y que permanece en el gusto de muchas generaciones, Alex Lora y el TRI, regresa a Torre\u00f3n para presentarse este s\u00e1bado 24 de mayo, &hellip; <a href=\"https:\/\/lavereda.com.mx\/index.php\/2025\/05\/07\/alex-lora-y-el-tri-listos-para-regresar-a-torreon\/\" class=\"more-link\">Leer m\u00e1s<\/a><\/p>\n","protected":false},"author":9,"featured_media":6867,"comment_status":"open","ping_status":"open","sticky":false,"template":"","format":"standard","meta":{"footnotes":""},"categories":[7,4],"tags":[],"class_list":["post-6866","post","type-post","status-publish","format-standard","has-post-thumbnail","hentry","category-entretenimiento","category-musica","entry"],"_links":{"self":[{"href":"https:\/\/lavereda.com.mx\/index.php\/wp-json\/wp\/v2\/posts\/6866","targetHints":{"allow":["GET"]}}],"collection":[{"href":"https:\/\/lavereda.com.mx\/index.php\/wp-json\/wp\/v2\/posts"}],"about":[{"href":"https:\/\/lavereda.com.mx\/index.php\/wp-json\/wp\/v2\/types\/post"}],"author":[{"embeddable":true,"href":"https:\/\/lavereda.com.mx\/index.php\/wp-json\/wp\/v2\/users\/9"}],"replies":[{"embeddable":true,"href":"https:\/\/lavereda.com.mx\/index.php\/wp-json\/wp\/v2\/comments?post=6866"}],"version-history":[{"count":1,"href":"https:\/\/lavereda.com.mx\/index.php\/wp-json\/wp\/v2\/posts\/6866\/revisions"}],"predecessor-version":[{"id":6868,"href":"https:\/\/lavereda.com.mx\/index.php\/wp-json\/wp\/v2\/posts\/6866\/revisions\/6868"}],"wp:featuredmedia":[{"embeddable":true,"href":"https:\/\/lavereda.com.mx\/index.php\/wp-json\/wp\/v2\/media\/6867"}],"wp:attachment":[{"href":"https:\/\/lavereda.com.mx\/index.php\/wp-json\/wp\/v2\/media?parent=6866"}],"wp:term":[{"taxonomy":"category","embeddable":true,"href":"https:\/\/lavereda.com.mx\/index.php\/wp-json\/wp\/v2\/categories?post=6866"},{"taxonomy":"post_tag","embeddable":true,"href":"https:\/\/lavereda.com.mx\/index.php\/wp-json\/wp\/v2\/tags?post=6866"}],"curies":[{"name":"wp","href":"https:\/\/api.w.org\/{rel}","templated":true}]}}