{"id":6858,"date":"2025-05-21T14:24:16","date_gmt":"2025-05-21T14:24:16","guid":{"rendered":"https:\/\/lavereda.com.mx\/?p=6858"},"modified":"2025-05-21T14:27:30","modified_gmt":"2025-05-21T14:27:30","slug":"mexico-canta-el-concurso-que-busca-atraer-al-talento-juvenil","status":"publish","type":"post","link":"https:\/\/lavereda.com.mx\/index.php\/2025\/05\/21\/mexico-canta-el-concurso-que-busca-atraer-al-talento-juvenil\/","title":{"rendered":"M\u00e9xico Canta: el concurso que busca atraer al talento juvenil"},"content":{"rendered":"\n<p>En la primera edici\u00f3n del concurso binacional <strong>\u201cM\u00e9xico canta por la paz y contra las adicciones\u201d <\/strong>organizado por el gobierno federal, se han recibido m\u00e1s de 6 mil inscripciones. El objetivo de esta convocatoria es promover la m\u00fasica mexicana sin apolog\u00eda a la violencia o las drogas y traer parte de la industria creativa de Estados Unidos a nuestro pa\u00eds.<\/p>\n\n\n\n<p>El cierre de la convocatoria es el pr\u00f3ximo 30 de mayo y la gran final del concurso ser\u00e1 el 5 de octubre en la ciudad de Durango, despu\u00e9s de varias eliminatorias. Sobre este proyecto, el presidente del <strong>Consejo Mexicano de la M\u00fasica<\/strong>, <strong>Miguel \u00c1ngel Trujillo<\/strong>, habl\u00f3 en entrevista para La Vereda.<\/p>\n\n\n\n<p><strong>\u00bfCu\u00e1l ha sido la respuesta a esta convocatoria de los lados de la frontera?<\/strong><\/p>\n\n\n\n<p>Hemos logrado casi 6 mil inscripciones de todos los estados del pa\u00eds y tambi\u00e9n de varios estados de Estados Unidos, este concurso en su primera edici\u00f3n es para j\u00f3venes entre 18 y 34 a\u00f1os, autores, cantautores e int\u00e9rpretes.<\/p>\n\n\n\n<p>Pueden participar cantautores con canciones in\u00e9ditas, con cualquier tipo de letra, de amor, de desamor, alegr\u00eda, no solo que hablen de la paz y contra las adicciones, tenemos mucho de banda, norte\u00f1o, campirano, rock, mariachi, tropical, hip hop, spanglish.<\/p>\n\n\n\n<p>Pero hay muchos autores y cantautores que ya tienen cosas publicadas en plataformas, eso es v\u00e1lido tambi\u00e9n.<\/p>\n\n\n\n<p><strong>\u00bfCu\u00e1l dir\u00edas que es el principal est\u00edmulo para formar parte de este concurso?<\/strong><\/p>\n\n\n\n<p>Empezamos a nivel municipal, dividimos en 3 regiones, norte, centro y sur. Se van a calificar por estado y por regiones, los 8 mejor calificados pasan a la semifinal, la primera regional ser\u00e1 en Chicago, despu\u00e9s en Houston, Los \u00c1ngeles, Tijuana, Ciudad de M\u00e9xico y Oaxaca.<\/p>\n\n\n\n<p>La gran final ser\u00e1 en Durango el 5 de octubre. El premio a la mejor canci\u00f3n ser\u00e1 la grabaci\u00f3n de un \u00e1lbum de 12 canciones con todos sus contenidos audiovisuales. Se tendr\u00e1n asociaciones con diferentes discogr\u00e1ficas, para un acuerdo de promoci\u00f3n con compa\u00f1\u00edas de marketing.<\/p>\n\n\n\n<p>Premiaremos tambi\u00e9n al mejor int\u00e9rprete. Del cuarto al s\u00e9ptimo lugar, ser\u00e1 la grabaci\u00f3n de un EP.<\/p>\n\n\n\n<p>Las personas que deseen participar pueden subir cualquier audio, desde el tel\u00e9fono, si tienen guitarra, piano, no se requiere un demo profesional, es un concurso abierto a cualquier g\u00e9nero.<\/p>\n\n\n\n<p>Se han registrado corridos tumbados, s\u00ed est\u00e1n permitidos. Lo que no est\u00e1 permitido son los narco corridos o la apolog\u00eda del delito.<\/p>\n\n\n\n<figure class=\"wp-block-image size-large is-resized\"><img fetchpriority=\"high\" decoding=\"async\" width=\"819\" height=\"1024\" src=\"https:\/\/lavereda.com.mx\/wp-content\/uploads\/2025\/05\/WhatsApp-Image-2025-05-16-at-12.04.33-PM-819x1024.jpeg\" alt=\"\" class=\"wp-image-6861\" style=\"width:429px;height:auto\" srcset=\"https:\/\/lavereda.com.mx\/wp-content\/uploads\/2025\/05\/WhatsApp-Image-2025-05-16-at-12.04.33-PM-819x1024.jpeg 819w, https:\/\/lavereda.com.mx\/wp-content\/uploads\/2025\/05\/WhatsApp-Image-2025-05-16-at-12.04.33-PM-240x300.jpeg 240w, https:\/\/lavereda.com.mx\/wp-content\/uploads\/2025\/05\/WhatsApp-Image-2025-05-16-at-12.04.33-PM-768x960.jpeg 768w, https:\/\/lavereda.com.mx\/wp-content\/uploads\/2025\/05\/WhatsApp-Image-2025-05-16-at-12.04.33-PM.jpeg 1000w\" sizes=\"(max-width: 819px) 100vw, 819px\" \/><\/figure>\n\n\n\n<p><\/p>\n\n\n\n<p><strong>\u00bfQu\u00e9 opinas del talento de los j\u00f3venes mexicanos hacia la composici\u00f3n?<\/strong><\/p>\n\n\n\n<p>Hay much\u00edsimo talento, hay talento desarrollado, bruto, que est\u00e1 empezando, podremos proporcionarles herramientas, que les ayuden con estructura de sus canciones, con la letra, en colaboraci\u00f3n con M\u00f3nica V\u00e9lez, ganadora del Grammy y en colaboraci\u00f3n con productores y tutores para que el talento pueda crecer profesionalmente.<\/p>\n\n\n\n<p><strong>\u00bfHay oportunidades suficientes para los j\u00f3venes que se dediquen a la m\u00fasica?<\/strong><\/p>\n\n\n\n<p>Esto abre una puerta muy especial, porque a trav\u00e9s de la plataforma, no es necesario que hagan una grabaci\u00f3n de un demo profesional, desde un tel\u00e9fono todas las personas que viven en lugares remotos, que no tienen oportunidad, puedan dar a conocer su talento.<\/p>\n\n\n\n<p>Link de la convocatoria: <a href=\"https:\/\/www.mexicocanta.gob.mx\/convocatoria\">https:\/\/www.mexicocanta.gob.mx\/convocatoria<\/a><\/p>\n\n\n\n<p><\/p>\n","protected":false},"excerpt":{"rendered":"<p>En la primera edici\u00f3n del concurso binacional \u201cM\u00e9xico canta por la paz y contra las adicciones\u201d organizado por el gobierno federal, se han recibido m\u00e1s de 6 mil inscripciones. El &hellip; <a href=\"https:\/\/lavereda.com.mx\/index.php\/2025\/05\/21\/mexico-canta-el-concurso-que-busca-atraer-al-talento-juvenil\/\" class=\"more-link\">Leer m\u00e1s<\/a><\/p>\n","protected":false},"author":9,"featured_media":6860,"comment_status":"open","ping_status":"open","sticky":false,"template":"","format":"standard","meta":{"footnotes":""},"categories":[18,4],"tags":[],"class_list":["post-6858","post","type-post","status-publish","format-standard","has-post-thumbnail","hentry","category-lomasrelevante","category-musica","entry"],"_links":{"self":[{"href":"https:\/\/lavereda.com.mx\/index.php\/wp-json\/wp\/v2\/posts\/6858","targetHints":{"allow":["GET"]}}],"collection":[{"href":"https:\/\/lavereda.com.mx\/index.php\/wp-json\/wp\/v2\/posts"}],"about":[{"href":"https:\/\/lavereda.com.mx\/index.php\/wp-json\/wp\/v2\/types\/post"}],"author":[{"embeddable":true,"href":"https:\/\/lavereda.com.mx\/index.php\/wp-json\/wp\/v2\/users\/9"}],"replies":[{"embeddable":true,"href":"https:\/\/lavereda.com.mx\/index.php\/wp-json\/wp\/v2\/comments?post=6858"}],"version-history":[{"count":4,"href":"https:\/\/lavereda.com.mx\/index.php\/wp-json\/wp\/v2\/posts\/6858\/revisions"}],"predecessor-version":[{"id":6865,"href":"https:\/\/lavereda.com.mx\/index.php\/wp-json\/wp\/v2\/posts\/6858\/revisions\/6865"}],"wp:featuredmedia":[{"embeddable":true,"href":"https:\/\/lavereda.com.mx\/index.php\/wp-json\/wp\/v2\/media\/6860"}],"wp:attachment":[{"href":"https:\/\/lavereda.com.mx\/index.php\/wp-json\/wp\/v2\/media?parent=6858"}],"wp:term":[{"taxonomy":"category","embeddable":true,"href":"https:\/\/lavereda.com.mx\/index.php\/wp-json\/wp\/v2\/categories?post=6858"},{"taxonomy":"post_tag","embeddable":true,"href":"https:\/\/lavereda.com.mx\/index.php\/wp-json\/wp\/v2\/tags?post=6858"}],"curies":[{"name":"wp","href":"https:\/\/api.w.org\/{rel}","templated":true}]}}