{"id":6855,"date":"2025-05-17T17:30:14","date_gmt":"2025-05-17T17:30:14","guid":{"rendered":"https:\/\/lavereda.com.mx\/?p=6855"},"modified":"2025-05-17T17:30:14","modified_gmt":"2025-05-17T17:30:14","slug":"black-mirror-eulogy","status":"publish","type":"post","link":"https:\/\/lavereda.com.mx\/index.php\/2025\/05\/17\/black-mirror-eulogy\/","title":{"rendered":"Black mirror: Eulogy"},"content":{"rendered":"\n<p>Black Mirror: Eulogy (2025)<\/p>\n\n\n\n<p>Netflix<\/p>\n\n\n\n<p>Este es uno de los episodios m\u00e1s celebrados de la s\u00e9ptima temporada de la serie escrita por el mago Charlie Brooker.<\/p>\n\n\n\n<p>Todo el cap\u00edtulo es dominado por el sensacional Paul Giamatti, como Phillip, un hombre de edad madura que es invitado, inesperadamente, a participar en un extra\u00f1o ritual: debe conectar su mente, con un servidor, para aportar memorias agradables de una mujer recientemente fallecida. Los familiares, as\u00ed tendr\u00e1n idea de los lindos momentos que comparti\u00f3 con personas que la quisieron.<\/p>\n\n\n\n<p>El problema es que Phillip es un ex amor juvenil de la fallecida y su relaci\u00f3n termin\u00f3 mal.<\/p>\n\n\n\n<p>De cualquier manera, accede a participar en esta recopilaci\u00f3n de recuerdos, pero para ello debe sumergirse en fotograf\u00edas antiguas, que lo llevan a recrear con precisi\u00f3n los recuerdos de esos momentos.<\/p>\n\n\n\n<p>Interesant\u00edsima historia de ciencia ficci\u00f3n, con un Giamatti en su mejor momento.<\/p>\n\n\n\n<p>Soberbio cap\u00edtulo.<\/p>\n\n\n\n<p>(R. Restringido; menores de 17 deben estar acompa\u00f1ados de sus padres)<\/p>\n\n\n\n<p>@LucianoCamposG<\/p>\n\n\n\n<figure class=\"wp-block-embed is-type-video is-provider-youtube wp-block-embed-youtube wp-embed-aspect-16-9 wp-has-aspect-ratio\"><div class=\"wp-block-embed__wrapper\">\n<iframe title=\"Black Mirror - Season 7: Eulogy - Clip 01\" width=\"1170\" height=\"658\" src=\"https:\/\/www.youtube.com\/embed\/7LTKJDdRHKE?feature=oembed\" frameborder=\"0\" allow=\"accelerometer; autoplay; clipboard-write; encrypted-media; gyroscope; picture-in-picture; web-share\" referrerpolicy=\"strict-origin-when-cross-origin\" allowfullscreen><\/iframe>\n<\/div><\/figure>\n","protected":false},"excerpt":{"rendered":"<p>Black Mirror: Eulogy (2025) Netflix Este es uno de los episodios m\u00e1s celebrados de la s\u00e9ptima temporada de la serie escrita por el mago Charlie Brooker. Todo el cap\u00edtulo es &hellip; <a href=\"https:\/\/lavereda.com.mx\/index.php\/2025\/05\/17\/black-mirror-eulogy\/\" class=\"more-link\">Leer m\u00e1s<\/a><\/p>\n","protected":false},"author":3,"featured_media":6856,"comment_status":"open","ping_status":"open","sticky":false,"template":"","format":"standard","meta":{"footnotes":""},"categories":[6,7,18],"tags":[],"class_list":["post-6855","post","type-post","status-publish","format-standard","has-post-thumbnail","hentry","category-cinetv","category-entretenimiento","category-lomasrelevante","entry"],"_links":{"self":[{"href":"https:\/\/lavereda.com.mx\/index.php\/wp-json\/wp\/v2\/posts\/6855","targetHints":{"allow":["GET"]}}],"collection":[{"href":"https:\/\/lavereda.com.mx\/index.php\/wp-json\/wp\/v2\/posts"}],"about":[{"href":"https:\/\/lavereda.com.mx\/index.php\/wp-json\/wp\/v2\/types\/post"}],"author":[{"embeddable":true,"href":"https:\/\/lavereda.com.mx\/index.php\/wp-json\/wp\/v2\/users\/3"}],"replies":[{"embeddable":true,"href":"https:\/\/lavereda.com.mx\/index.php\/wp-json\/wp\/v2\/comments?post=6855"}],"version-history":[{"count":1,"href":"https:\/\/lavereda.com.mx\/index.php\/wp-json\/wp\/v2\/posts\/6855\/revisions"}],"predecessor-version":[{"id":6857,"href":"https:\/\/lavereda.com.mx\/index.php\/wp-json\/wp\/v2\/posts\/6855\/revisions\/6857"}],"wp:featuredmedia":[{"embeddable":true,"href":"https:\/\/lavereda.com.mx\/index.php\/wp-json\/wp\/v2\/media\/6856"}],"wp:attachment":[{"href":"https:\/\/lavereda.com.mx\/index.php\/wp-json\/wp\/v2\/media?parent=6855"}],"wp:term":[{"taxonomy":"category","embeddable":true,"href":"https:\/\/lavereda.com.mx\/index.php\/wp-json\/wp\/v2\/categories?post=6855"},{"taxonomy":"post_tag","embeddable":true,"href":"https:\/\/lavereda.com.mx\/index.php\/wp-json\/wp\/v2\/tags?post=6855"}],"curies":[{"name":"wp","href":"https:\/\/api.w.org\/{rel}","templated":true}]}}