{"id":6842,"date":"2025-05-15T00:37:30","date_gmt":"2025-05-15T00:37:30","guid":{"rendered":"https:\/\/lavereda.com.mx\/?p=6842"},"modified":"2025-05-15T00:37:31","modified_gmt":"2025-05-15T00:37:31","slug":"llega-la-feria-internacional-del-libro-de-coahuila-a-torreon","status":"publish","type":"post","link":"https:\/\/lavereda.com.mx\/index.php\/2025\/05\/15\/llega-la-feria-internacional-del-libro-de-coahuila-a-torreon\/","title":{"rendered":"Llega la Feria Internacional del Libro de Coahuila a Torre\u00f3n"},"content":{"rendered":"\n<p>Por primera vez la <strong>Feria Internacional del Libro de Coahuila<\/strong> tendr\u00e1 presencia en la Comarca Lagunera. La inauguraci\u00f3n es este viernes 16 de mayo a las 12:00 horas en el <strong>Centro de Convenciones de Torre\u00f3n<\/strong>.<\/p>\n\n\n\n<p>El pa\u00eds invitado es Argentina y se contar\u00e1 con la participaci\u00f3n del Museo del Desierto. Se realizar\u00e1 del 16 al 25 de mayo y se espera la asistencia de m\u00e1s de 100 mil personas.<\/p>\n\n\n\n<p>La secretaria de cultura, Esther Quintana, coment\u00f3 que esta feria reunir\u00e1 a escritores, lectores, artistas y familias coahuilenses.<\/p>\n\n\n\n<p>Se rendir\u00e1 homenaje a Argentina con una nutrida agenda de actividades que incluir\u00e1 conferencias, charlas, un pabell\u00f3n especial y presentaciones art\u00edsticas.<\/p>\n\n\n\n<p>El Museo del Desierto estar\u00e1 presente para brindar una experiencia interactiva con dinosaurios, flora y fauna viva y acercar as\u00ed el conocimiento cient\u00edfico de una manera l\u00fadica a todos los asistentes.<\/p>\n\n\n\n<p>Tambi\u00e9n se instalar\u00e1 un eje tem\u00e1tico innovador \u201cinteligencia artificial y herramientas tecnol\u00f3gicas para nuevas narrativas\u201d.<\/p>\n\n\n\n<p>Algunos escritores coahuilenses que tendr\u00e1n presencia en Torre\u00f3n son: Marianne Toussaint, Alfredo Castro, Nadia Contreras, Ruth Castro, Claudia Soto, Susana Caldera, Carlos Vel\u00e1zquez, Juli\u00e1n Herbert, Daniel Herrera, Alejandro Rodr\u00edguez, Lucila Navarrete, Carlos Casta\u00f1\u00f3n, entre otros.<\/p>\n\n\n\n<p>Se contar\u00e1 con la actuaci\u00f3n de Mario Iv\u00e1n Mart\u00ednez con la obra \u00bfQu\u00e9 me cuentas Don Quijote? El 16 de mayo a las 18:00 horas. El 17 de mayo el actor Roberto Sosa realizar\u00e1 una lectura en voz alta de Pedro P\u00e1ramo.<\/p>\n","protected":false},"excerpt":{"rendered":"<p>Por primera vez la Feria Internacional del Libro de Coahuila tendr\u00e1 presencia en la Comarca Lagunera. La inauguraci\u00f3n es este viernes 16 de mayo a las 12:00 horas en el &hellip; <a href=\"https:\/\/lavereda.com.mx\/index.php\/2025\/05\/15\/llega-la-feria-internacional-del-libro-de-coahuila-a-torreon\/\" class=\"more-link\">Leer m\u00e1s<\/a><\/p>\n","protected":false},"author":1,"featured_media":6843,"comment_status":"open","ping_status":"open","sticky":false,"template":"","format":"standard","meta":{"footnotes":""},"categories":[5,18],"tags":[],"class_list":["post-6842","post","type-post","status-publish","format-standard","has-post-thumbnail","hentry","category-letras-y-libros","category-lomasrelevante","entry"],"_links":{"self":[{"href":"https:\/\/lavereda.com.mx\/index.php\/wp-json\/wp\/v2\/posts\/6842","targetHints":{"allow":["GET"]}}],"collection":[{"href":"https:\/\/lavereda.com.mx\/index.php\/wp-json\/wp\/v2\/posts"}],"about":[{"href":"https:\/\/lavereda.com.mx\/index.php\/wp-json\/wp\/v2\/types\/post"}],"author":[{"embeddable":true,"href":"https:\/\/lavereda.com.mx\/index.php\/wp-json\/wp\/v2\/users\/1"}],"replies":[{"embeddable":true,"href":"https:\/\/lavereda.com.mx\/index.php\/wp-json\/wp\/v2\/comments?post=6842"}],"version-history":[{"count":1,"href":"https:\/\/lavereda.com.mx\/index.php\/wp-json\/wp\/v2\/posts\/6842\/revisions"}],"predecessor-version":[{"id":6844,"href":"https:\/\/lavereda.com.mx\/index.php\/wp-json\/wp\/v2\/posts\/6842\/revisions\/6844"}],"wp:featuredmedia":[{"embeddable":true,"href":"https:\/\/lavereda.com.mx\/index.php\/wp-json\/wp\/v2\/media\/6843"}],"wp:attachment":[{"href":"https:\/\/lavereda.com.mx\/index.php\/wp-json\/wp\/v2\/media?parent=6842"}],"wp:term":[{"taxonomy":"category","embeddable":true,"href":"https:\/\/lavereda.com.mx\/index.php\/wp-json\/wp\/v2\/categories?post=6842"},{"taxonomy":"post_tag","embeddable":true,"href":"https:\/\/lavereda.com.mx\/index.php\/wp-json\/wp\/v2\/tags?post=6842"}],"curies":[{"name":"wp","href":"https:\/\/api.w.org\/{rel}","templated":true}]}}