{"id":684,"date":"2020-10-02T01:35:41","date_gmt":"2020-10-02T01:35:41","guid":{"rendered":"http:\/\/lavereda.com.mx\/?p=684"},"modified":"2020-10-02T01:45:13","modified_gmt":"2020-10-02T01:45:13","slug":"anuncian-ganadores-del-concurso-de-fotografia-sobre-derechos-humanos","status":"publish","type":"post","link":"https:\/\/lavereda.com.mx\/index.php\/2020\/10\/02\/anuncian-ganadores-del-concurso-de-fotografia-sobre-derechos-humanos\/","title":{"rendered":"Migraci\u00f3n y lucha feminista, temas ganadores en concurso de fotograf\u00eda"},"content":{"rendered":"\n<p>La Secretar\u00eda de Cultura de Coahuila dio a conocer los ganadores del Sexto Concurso de Fotograf\u00eda de \u201cLos Derechos Humanos\u201d, que es organizado en coordinaci\u00f3n con Cuartoscuro, Fundaci\u00f3n Pedro Valtierra AC y la Academia Interamericana de Derechos Humanos de la UA de C.<\/p>\n\n\n\n<p>\u201cEstamos muy contentos con la respuesta que se tuvo, ya que recibimos trabajos de todo el Pa\u00eds. Reconocemos el gran talento fotogr\u00e1fico que hay en M\u00e9xico y agradecemos a los fot\u00f3grafos Omar Mart\u00ednez, Martha Montero y Berenice Vald\u00e9z, quienes fungieron como jurado\u201d, afirm\u00f3 la titular Ana Sof\u00eda Garc\u00eda Camil.<\/p>\n\n\n\n<p>Cabe se\u00f1alar que fueron mil 346 fotograf\u00edas participantes provenientes de 416 fot\u00f3grafos de todo el Pa\u00eds.<\/p>\n\n\n\n<p>Result\u00f3 ganador en primer lugar con \u201cLos dos muros\u201d, de Alejandro Cegarra Zamora; en segundo lugar \u201cNos sembraron miedo, nos crecieron alas\u201d, de Elideth Fern\u00e1ndez Villegas; y en tercer lugar \u201cEl olvido tiene muchos rostros\u201d, de Duilio Rodr\u00edguez de la Colina.<\/p>\n\n\n\n<p>El jurado resalt\u00f3 la participaci\u00f3n de fot\u00f3grafos y fot\u00f3grafas que han dado seguimiento a temas de coyuntura como la crisis migrante, la situaci\u00f3n actual debido a la pandemia de Covid-19, la lucha feminista por los derechos de la mujer y el fin a la violencia, la b\u00fasqueda de personas desaparecidas, el trabajo infantil y la diversidad sexual y de g\u00e9nero.<\/p>\n\n\n\n<p>Adem\u00e1s, el jurado otorg\u00f3 las siguientes menciones honor\u00edficas: \u00c1ngel Petrilli Vargas, David Gerardo Polo S\u00e1nchez, Adri\u00e1n Enrique Gil Aguilar, Juan Carlos Cruz Garc\u00eda, Jacob de Jes\u00fas Garc\u00eda Maza y Adriana Balderrama Frescass.<\/p>\n\n\n\n<p>Finalmente, la Secretar\u00eda mencion\u00f3 que tanto las im\u00e1genes de los ganadores como las de los participantes seleccionados formar\u00e1n parte de la edici\u00f3n n\u00famero 165 de la revista Cuartoscuro.<\/p>\n\n\n\n<p>Omar Antonio Mart\u00ednez Noyola ha colaborado en distintos medios nacionales e internacionales como fotoperiodista. Particip\u00f3 en la campa\u00f1a internacional \u201cEn defensa de nuestros oc\u00e9anos\u201d, de Greenpeace en 2006. Ha sido parte de la V Bienal Nacional de Fotoperiodismo 2001-2002, en la que obtuvo el Premio al Fot\u00f3grafo Joven, as\u00ed como en la VI Bienal Nacional de Fotoperiodismo 2003-2004.<\/p>\n\n\n\n<p>Berenice Valdez Rivera, fue integrante de la Subcoordinaci\u00f3n de Integraci\u00f3n Migrante (2004-2009), jefa del Departamento de Migraci\u00f3n y Trata de Personas (2009-2011), Consultora independiente en migraci\u00f3n, g\u00e9nero y trata de personas (2011-2012), instituto para las mujeres en la migraci\u00f3n (2012-actualidad).<\/p>\n\n\n\n<figure class=\"wp-block-image size-large\"><img fetchpriority=\"high\" decoding=\"async\" width=\"721\" height=\"475\" src=\"https:\/\/lavereda.com.mx\/wp-content\/uploads\/2020\/10\/004-CULTURA-COAHUILA-DA-A-CONOCER-GANADORES-DEL-CONCURSO-DE-FOTOGRAFIA.jpg\" alt=\"\" class=\"wp-image-686\" srcset=\"https:\/\/lavereda.com.mx\/wp-content\/uploads\/2020\/10\/004-CULTURA-COAHUILA-DA-A-CONOCER-GANADORES-DEL-CONCURSO-DE-FOTOGRAFIA.jpg 721w, https:\/\/lavereda.com.mx\/wp-content\/uploads\/2020\/10\/004-CULTURA-COAHUILA-DA-A-CONOCER-GANADORES-DEL-CONCURSO-DE-FOTOGRAFIA-300x198.jpg 300w\" sizes=\"(max-width: 721px) 100vw, 721px\" \/><\/figure>\n","protected":false},"excerpt":{"rendered":"<p>La Secretar\u00eda de Cultura de Coahuila dio a conocer los ganadores del Sexto Concurso de Fotograf\u00eda de \u201cLos Derechos Humanos\u201d, que es organizado en coordinaci\u00f3n con Cuartoscuro, Fundaci\u00f3n Pedro Valtierra &hellip; <a href=\"https:\/\/lavereda.com.mx\/index.php\/2020\/10\/02\/anuncian-ganadores-del-concurso-de-fotografia-sobre-derechos-humanos\/\" class=\"more-link\">Leer m\u00e1s<\/a><\/p>\n","protected":false},"author":1,"featured_media":685,"comment_status":"open","ping_status":"open","sticky":false,"template":"","format":"standard","meta":{"footnotes":""},"categories":[3,18],"tags":[],"class_list":["post-684","post","type-post","status-publish","format-standard","has-post-thumbnail","hentry","category-artes-visuales","category-lomasrelevante","entry"],"_links":{"self":[{"href":"https:\/\/lavereda.com.mx\/index.php\/wp-json\/wp\/v2\/posts\/684","targetHints":{"allow":["GET"]}}],"collection":[{"href":"https:\/\/lavereda.com.mx\/index.php\/wp-json\/wp\/v2\/posts"}],"about":[{"href":"https:\/\/lavereda.com.mx\/index.php\/wp-json\/wp\/v2\/types\/post"}],"author":[{"embeddable":true,"href":"https:\/\/lavereda.com.mx\/index.php\/wp-json\/wp\/v2\/users\/1"}],"replies":[{"embeddable":true,"href":"https:\/\/lavereda.com.mx\/index.php\/wp-json\/wp\/v2\/comments?post=684"}],"version-history":[{"count":3,"href":"https:\/\/lavereda.com.mx\/index.php\/wp-json\/wp\/v2\/posts\/684\/revisions"}],"predecessor-version":[{"id":689,"href":"https:\/\/lavereda.com.mx\/index.php\/wp-json\/wp\/v2\/posts\/684\/revisions\/689"}],"wp:featuredmedia":[{"embeddable":true,"href":"https:\/\/lavereda.com.mx\/index.php\/wp-json\/wp\/v2\/media\/685"}],"wp:attachment":[{"href":"https:\/\/lavereda.com.mx\/index.php\/wp-json\/wp\/v2\/media?parent=684"}],"wp:term":[{"taxonomy":"category","embeddable":true,"href":"https:\/\/lavereda.com.mx\/index.php\/wp-json\/wp\/v2\/categories?post=684"},{"taxonomy":"post_tag","embeddable":true,"href":"https:\/\/lavereda.com.mx\/index.php\/wp-json\/wp\/v2\/tags?post=684"}],"curies":[{"name":"wp","href":"https:\/\/api.w.org\/{rel}","templated":true}]}}