{"id":6838,"date":"2025-05-14T00:06:46","date_gmt":"2025-05-14T00:06:46","guid":{"rendered":"https:\/\/lavereda.com.mx\/?p=6838"},"modified":"2025-05-14T00:23:44","modified_gmt":"2025-05-14T00:23:44","slug":"presentan-actividades-por-el-dia-internacional-de-los-museos","status":"publish","type":"post","link":"https:\/\/lavereda.com.mx\/index.php\/2025\/05\/14\/presentan-actividades-por-el-dia-internacional-de-los-museos\/","title":{"rendered":"Presentan actividades por el D\u00eda Internacional de los Museos"},"content":{"rendered":"\n<p>El Instituto Municipal de Cultura y Educaci\u00f3n (IMCE) en colaboraci\u00f3n con el Planetarium Torre\u00f3n y otros organismos, dieron a conocer la semana cultural en torno al <strong>D\u00eda Internacional de los Museos<\/strong>.<\/p>\n\n\n\n<p>Del 18 al 25 de mayo se llevar\u00e1n a cabo diversas actividades como charlas, talleres, conferencias, exposiciones, presentaciones de danza, m\u00fasica, observaci\u00f3n con telescopio, y muchos otros ejercicios que se realizar\u00e1n bajo una misma tem\u00e1tica propuesta por el Consejo Internacional de Museos (ICOM).<\/p>\n\n\n\n<p>El 18 de mayo de cada a\u00f1o el Consejo Internacional de Museos, del cual el IMCE a trav\u00e9s de sus Museos Municipales forma parte, \u00a0organiza el D\u00eda Internacional de los Museos (DIM), un evento mundial que destaca el papel transformador de los museos en la sociedad.<\/p>\n\n\n\n<p>En 2025 el DIM explorar\u00e1 \u00abEl futuro de los museos en comunidades en constante cambio\u00bb, centr\u00e1ndose en c\u00f3mo los museos pueden navegar y contribuir a un mundo que experimenta profundos cambios sociales, tecnol\u00f3gicos y medioambientales en la que est\u00e1n evolucionando para afrontar los retos de hoy y dar forma a las posibilidades del ma\u00f1ana. Los museos son m\u00e1s que espacios de conservaci\u00f3n: son participantes activos en la configuraci\u00f3n de comunidades sostenibles e inclusivas.<\/p>\n\n\n\n<p>Las actividades comienzan el 18 de mayo con la inauguraci\u00f3n del D\u00eda Internacional de los Museos, a las 12:00 horas en el Canal de la Perla y se extender\u00e1n una semana en los museos: Casa del Cerro, Museo del Ferrocarril, Museo del Algod\u00f3n, Museo de la Moneda y Casa Mud\u00e9jar hasta el 25 de mayo.<\/p>\n","protected":false},"excerpt":{"rendered":"<p>El Instituto Municipal de Cultura y Educaci\u00f3n (IMCE) en colaboraci\u00f3n con el Planetarium Torre\u00f3n y otros organismos, dieron a conocer la semana cultural en torno al D\u00eda Internacional de los &hellip; <a href=\"https:\/\/lavereda.com.mx\/index.php\/2025\/05\/14\/presentan-actividades-por-el-dia-internacional-de-los-museos\/\" class=\"more-link\">Leer m\u00e1s<\/a><\/p>\n","protected":false},"author":1,"featured_media":5994,"comment_status":"open","ping_status":"open","sticky":false,"template":"","format":"standard","meta":{"footnotes":""},"categories":[3,18],"tags":[],"class_list":["post-6838","post","type-post","status-publish","format-standard","has-post-thumbnail","hentry","category-artes-visuales","category-lomasrelevante","entry"],"_links":{"self":[{"href":"https:\/\/lavereda.com.mx\/index.php\/wp-json\/wp\/v2\/posts\/6838","targetHints":{"allow":["GET"]}}],"collection":[{"href":"https:\/\/lavereda.com.mx\/index.php\/wp-json\/wp\/v2\/posts"}],"about":[{"href":"https:\/\/lavereda.com.mx\/index.php\/wp-json\/wp\/v2\/types\/post"}],"author":[{"embeddable":true,"href":"https:\/\/lavereda.com.mx\/index.php\/wp-json\/wp\/v2\/users\/1"}],"replies":[{"embeddable":true,"href":"https:\/\/lavereda.com.mx\/index.php\/wp-json\/wp\/v2\/comments?post=6838"}],"version-history":[{"count":3,"href":"https:\/\/lavereda.com.mx\/index.php\/wp-json\/wp\/v2\/posts\/6838\/revisions"}],"predecessor-version":[{"id":6841,"href":"https:\/\/lavereda.com.mx\/index.php\/wp-json\/wp\/v2\/posts\/6838\/revisions\/6841"}],"wp:featuredmedia":[{"embeddable":true,"href":"https:\/\/lavereda.com.mx\/index.php\/wp-json\/wp\/v2\/media\/5994"}],"wp:attachment":[{"href":"https:\/\/lavereda.com.mx\/index.php\/wp-json\/wp\/v2\/media?parent=6838"}],"wp:term":[{"taxonomy":"category","embeddable":true,"href":"https:\/\/lavereda.com.mx\/index.php\/wp-json\/wp\/v2\/categories?post=6838"},{"taxonomy":"post_tag","embeddable":true,"href":"https:\/\/lavereda.com.mx\/index.php\/wp-json\/wp\/v2\/tags?post=6838"}],"curies":[{"name":"wp","href":"https:\/\/api.w.org\/{rel}","templated":true}]}}