{"id":681,"date":"2020-10-01T16:11:33","date_gmt":"2020-10-01T16:11:33","guid":{"rendered":"http:\/\/lavereda.com.mx\/?p=681"},"modified":"2020-10-01T16:11:35","modified_gmt":"2020-10-01T16:11:35","slug":"centros-culturales-presentan-actividades-virtuales-para-ninos","status":"publish","type":"post","link":"https:\/\/lavereda.com.mx\/index.php\/2020\/10\/01\/centros-culturales-presentan-actividades-virtuales-para-ninos\/","title":{"rendered":"Centros culturales presentan actividades virtuales para ni\u00f1os"},"content":{"rendered":"\n<p>Los Centros Culturales transmitir\u00e1n en vivo contenido did\u00e1ctico dirigido principalmente para ni\u00f1as y ni\u00f1os de la regi\u00f3n lagunera.&nbsp;<\/p>\n\n\n\n<p>El Centro Cultural Pablo C. Moreno, el Centro Jos\u00e9 R. Mijares, el Centro Cultural La Jabonera y la Casa Mud\u00e9jar, aun permanecen cerrados al p\u00fablico y por esta raz\u00f3n han programado actividades para los m\u00e1s peque\u00f1os en casa.<\/p>\n\n\n\n<p>Se transmitir\u00e1n todos los viernes del mes de Octubre y Noviembre, a las 11:00 a.m por las redes sociales de la Direcci\u00f3n General de Cultura de Torre\u00f3n y de cada recinto.<\/p>\n\n\n\n<p>Las actividades que ni\u00f1as y ni\u00f1os podr\u00e1n realizar en casa, var\u00edan desde manualidades, cuentacuentos, creaciones teatrales, hasta la celebraci\u00f3n de fechas tradicionales como el D\u00eda de la Raza, el D\u00eda de Muertos y las fiestas de la Revoluci\u00f3n Mexicana.<\/p>\n\n\n\n<p>Las actividades tienen como finalidad brindar esparcimiento, entretenimiento, convivencia y aprendizaje.<\/p>\n\n\n\n<p>Los talleres se realizan debido a que los Centros Culturales aun no pueden abrir sus puertas para atraer a la ni\u00f1ez a las clases presenciales, que eran aprovechadas por cientos de ni\u00f1as y ni\u00f1os en las tardes.<\/p>\n","protected":false},"excerpt":{"rendered":"<p>Los Centros Culturales transmitir\u00e1n en vivo contenido did\u00e1ctico dirigido principalmente para ni\u00f1as y ni\u00f1os de la regi\u00f3n lagunera.&nbsp; El Centro Cultural Pablo C. Moreno, el Centro Jos\u00e9 R. Mijares, el &hellip; <a href=\"https:\/\/lavereda.com.mx\/index.php\/2020\/10\/01\/centros-culturales-presentan-actividades-virtuales-para-ninos\/\" class=\"more-link\">Leer m\u00e1s<\/a><\/p>\n","protected":false},"author":1,"featured_media":682,"comment_status":"open","ping_status":"open","sticky":false,"template":"","format":"standard","meta":{"footnotes":""},"categories":[10],"tags":[],"class_list":["post-681","post","type-post","status-publish","format-standard","has-post-thumbnail","hentry","category-la-vereda-infantil","entry"],"_links":{"self":[{"href":"https:\/\/lavereda.com.mx\/index.php\/wp-json\/wp\/v2\/posts\/681","targetHints":{"allow":["GET"]}}],"collection":[{"href":"https:\/\/lavereda.com.mx\/index.php\/wp-json\/wp\/v2\/posts"}],"about":[{"href":"https:\/\/lavereda.com.mx\/index.php\/wp-json\/wp\/v2\/types\/post"}],"author":[{"embeddable":true,"href":"https:\/\/lavereda.com.mx\/index.php\/wp-json\/wp\/v2\/users\/1"}],"replies":[{"embeddable":true,"href":"https:\/\/lavereda.com.mx\/index.php\/wp-json\/wp\/v2\/comments?post=681"}],"version-history":[{"count":1,"href":"https:\/\/lavereda.com.mx\/index.php\/wp-json\/wp\/v2\/posts\/681\/revisions"}],"predecessor-version":[{"id":683,"href":"https:\/\/lavereda.com.mx\/index.php\/wp-json\/wp\/v2\/posts\/681\/revisions\/683"}],"wp:featuredmedia":[{"embeddable":true,"href":"https:\/\/lavereda.com.mx\/index.php\/wp-json\/wp\/v2\/media\/682"}],"wp:attachment":[{"href":"https:\/\/lavereda.com.mx\/index.php\/wp-json\/wp\/v2\/media?parent=681"}],"wp:term":[{"taxonomy":"category","embeddable":true,"href":"https:\/\/lavereda.com.mx\/index.php\/wp-json\/wp\/v2\/categories?post=681"},{"taxonomy":"post_tag","embeddable":true,"href":"https:\/\/lavereda.com.mx\/index.php\/wp-json\/wp\/v2\/tags?post=681"}],"curies":[{"name":"wp","href":"https:\/\/api.w.org\/{rel}","templated":true}]}}