{"id":678,"date":"2020-09-30T23:18:52","date_gmt":"2020-09-30T23:18:52","guid":{"rendered":"http:\/\/lavereda.com.mx\/?p=678"},"modified":"2020-10-02T15:46:29","modified_gmt":"2020-10-02T15:46:29","slug":"ambulante-anuncia-su-programacion-de-otono","status":"publish","type":"post","link":"https:\/\/lavereda.com.mx\/index.php\/2020\/09\/30\/ambulante-anuncia-su-programacion-de-otono\/","title":{"rendered":"Ambulante anuncia su programaci\u00f3n de oto\u00f1o"},"content":{"rendered":"\n<ul class=\"wp-block-list\"><li><em>De octubre a diciembre, Ambulante difundir\u00e1 cine documental en plataformas digitales, en las aulas y en televisi\u00f3n.<\/em><\/li><\/ul>\n\n\n\n<p><strong>Ciudad de M\u00e9xico<\/strong>.- A partir del mes de octubre, Ambulante convoca al p\u00fablico mexicano a disfrutar el cine documental bajo tres modalidades: en l\u00ednea, en el aula y en televisi\u00f3n abierta. La audiencia tendr\u00e1 la oportunidad de volver a descubrir algunas de las pel\u00edculas del festival en l\u00ednea Ambulante en Casa \u2014realizado entre abril y mayo de este a\u00f1o\u2014adem\u00e1s de t\u00edtulos de ediciones anteriores de Ambulante Gira de Documentales.<\/p>\n\n\n\n<p>El programa de oto\u00f1o refrenda el compromiso de seguir difundiendo el cine documental y de crear espacios vitales para una sociedad m\u00e1s cr\u00edtica y participativa en el contexto de la pandemia de Covid-19. \u201cPese a las condiciones adversas que enfrenta la comunidad cinematogr\u00e1fica en la actualidad, Ambulante se reconfigura y expande hacia nuevos proyectos que nos permitan mantener viva la misi\u00f3n de dar a conocer otras realidades, generar consciencia, y buscar soluciones a problem\u00e1ticas que nos ata\u00f1en como sociedad a trav\u00e9s del cine documental. Confiamos en que las actividades que programamos esta temporada lograr\u00e1n convocar a nuestro p\u00fablico a la vez que nos acercar\u00e1n a nuevas audiencias alrededor del pa\u00eds\u201d, expres\u00f3 Paulina Su\u00e1rez, directora general de la organizaci\u00f3n.<\/p>\n\n\n\n<p>Documentales en l\u00ednea<\/p>\n\n\n\n<p>A partir del 1\u00ba de octubre, Ambulante presentar\u00e1 los cortometrajes de la sexta generaci\u00f3n del programa de formaci\u00f3n y producci\u00f3n de cine documental Ambulante M\u00e1s All\u00e1, estrenados durante el festival en l\u00ednea Ambulante en Casa. Estas pel\u00edculas estar\u00e1n disponibles sin costo para todo p\u00fablico con acceso a Internet en M\u00e9xico a trav\u00e9s de&nbsp;<a href=\"http:\/\/www.ambulante.org\/\" target=\"_blank\" rel=\"noreferrer noopener\">www.ambulante.org<\/a>, dentro de las fechas establecidas para su difusi\u00f3n.Adem\u00e1s, se realizar\u00e1n eventos en l\u00ednea con los realizadores de las pel\u00edculas, cuyas fechas se anunciar\u00e1n en&nbsp;<a href=\"http:\/\/www.ambulante.org\/talleres\" target=\"_blank\" rel=\"noreferrer noopener\">www.ambulante.org\/talleres<\/a>.<\/p>\n\n\n\n<p>Tanto detr\u00e1s de la c\u00e1mara \u2014cuatro de las pel\u00edculas son dirigidas por mujeres, y una m\u00e1s en codirecci\u00f3n\u2014 como en la pantalla misma, las figuras femeninas dominan el programa, protagonizando filmes que ahondan en tem\u00e1ticas tan diversas como la pubertad, la educaci\u00f3n, el abandono del campo, la tercera edad, la diversidad ling\u00fc\u00edstica, los movimientos sociales, la resiliencia y la sororidad.<\/p>\n\n\n\n<p>Del 1 al 18 de octubre: Carta al campo| Karla Hern\u00e1ndez D\u00edaz, Itzel Mar\u00eda Guzm\u00e1n Torres, Vivian Leonor Santill\u00e1n Franco, Alfonso Blanco Samperio, Gabriel Rodr\u00edguez \u00c1ngeles | M\u00e9xico | 2020<br>Ellas | Ang\u00e9lica Itzel Cano L\u00f3pez, Guillermo Gael Estrada Ortiz, C\u00e9sar Arturo Govea Olvera, Vivian Leonor Santill\u00e1n, Alejandra P\u00e9rez Valdez| M\u00e9xico | 2020<br><\/p>\n\n\n\n<p>Del 19 de octubre al 15 de noviembre: Todo lo posible | Mar\u00eda del Rosario Robles Mart\u00ednez, Nancy Samara Guerrero Miranda, Itzel Mar\u00eda Guzm\u00e1n Torres, Aldo Alejandro Ter-veen Calder\u00f3n, Alejandra P\u00e9rez Valdez| M\u00e9xico | 2020<br>Yolik (despacio)| Epifan\u00eda Mart\u00ednez Rosete, Zahira Aldana Ram\u00edrez, Mar\u00eda Fernanda Islas Montero, Aldo Alejandro Ter-veen Calder\u00f3n | M\u00e9xico | 2020<br><\/p>\n\n\n\n<p>Del 16 de noviembre al 13 de diciembre: A los once | Carolina Admirable Garc\u00eda, Zahira Aldana Ram\u00edrez, Nancy Samara Guerrero Miranda, Mar\u00eda Fernanda Islas Montero, Aldo Alejandro Ter-veen Calder\u00f3n | M\u00e9xico | 2020<br>Escuela de todos (Kalnemachtiloyan) |Iv\u00e1n Zamora M\u00e9ndez, Alexia Stephania Ch\u00e1vez Bravo, Gustavo Jim\u00e9nez Garc\u00eda, Jos\u00e9 Antonio Rivera Contreras| M\u00e9xico | 2020<br><\/p>\n\n\n\n<p>De forma paralela, Ambulante programar\u00e1 funciones especiales en l\u00ednea y funciones privadas con tomadores de decisi\u00f3n y asociaciones civiles de dos largometrajes presentados al p\u00fablico mexicano durante Ambulante en Casa: Birth Wars(Janet Jarman, 2019), sobre el papel de la parter\u00eda en M\u00e9xico, y Que sea ley(Juan Solanas, 2019), que retrata el movimiento social para exigir la despenalizaci\u00f3n del aborto en Argentina en 2018. Las funciones abiertas al p\u00fablico ser\u00e1n anunciadas en la p\u00e1gina web y las redes sociales de Ambulante.<\/p>\n","protected":false},"excerpt":{"rendered":"<p>De octubre a diciembre, Ambulante difundir\u00e1 cine documental en plataformas digitales, en las aulas y en televisi\u00f3n. Ciudad de M\u00e9xico.- A partir del mes de octubre, Ambulante convoca al p\u00fablico &hellip; <a href=\"https:\/\/lavereda.com.mx\/index.php\/2020\/09\/30\/ambulante-anuncia-su-programacion-de-otono\/\" class=\"more-link\">Leer m\u00e1s<\/a><\/p>\n","protected":false},"author":1,"featured_media":679,"comment_status":"open","ping_status":"open","sticky":false,"template":"","format":"standard","meta":{"footnotes":""},"categories":[6,18],"tags":[],"class_list":["post-678","post","type-post","status-publish","format-standard","has-post-thumbnail","hentry","category-cinetv","category-lomasrelevante","entry"],"_links":{"self":[{"href":"https:\/\/lavereda.com.mx\/index.php\/wp-json\/wp\/v2\/posts\/678","targetHints":{"allow":["GET"]}}],"collection":[{"href":"https:\/\/lavereda.com.mx\/index.php\/wp-json\/wp\/v2\/posts"}],"about":[{"href":"https:\/\/lavereda.com.mx\/index.php\/wp-json\/wp\/v2\/types\/post"}],"author":[{"embeddable":true,"href":"https:\/\/lavereda.com.mx\/index.php\/wp-json\/wp\/v2\/users\/1"}],"replies":[{"embeddable":true,"href":"https:\/\/lavereda.com.mx\/index.php\/wp-json\/wp\/v2\/comments?post=678"}],"version-history":[{"count":2,"href":"https:\/\/lavereda.com.mx\/index.php\/wp-json\/wp\/v2\/posts\/678\/revisions"}],"predecessor-version":[{"id":690,"href":"https:\/\/lavereda.com.mx\/index.php\/wp-json\/wp\/v2\/posts\/678\/revisions\/690"}],"wp:featuredmedia":[{"embeddable":true,"href":"https:\/\/lavereda.com.mx\/index.php\/wp-json\/wp\/v2\/media\/679"}],"wp:attachment":[{"href":"https:\/\/lavereda.com.mx\/index.php\/wp-json\/wp\/v2\/media?parent=678"}],"wp:term":[{"taxonomy":"category","embeddable":true,"href":"https:\/\/lavereda.com.mx\/index.php\/wp-json\/wp\/v2\/categories?post=678"},{"taxonomy":"post_tag","embeddable":true,"href":"https:\/\/lavereda.com.mx\/index.php\/wp-json\/wp\/v2\/tags?post=678"}],"curies":[{"name":"wp","href":"https:\/\/api.w.org\/{rel}","templated":true}]}}