{"id":674,"date":"2020-09-30T15:43:58","date_gmt":"2020-09-30T15:43:58","guid":{"rendered":"http:\/\/lavereda.com.mx\/?p=674"},"modified":"2020-09-30T15:44:00","modified_gmt":"2020-09-30T15:44:00","slug":"chau-quino","status":"publish","type":"post","link":"https:\/\/lavereda.com.mx\/index.php\/2020\/09\/30\/chau-quino\/","title":{"rendered":"\u00a1Chau, Quino!"},"content":{"rendered":"\n<p>Los argentinos, seguramente, sufren de tristeza y nostalgia con la noticia de la muerte de Quino, el creador de Mafalda; la ni\u00f1a cuyas ideas llenas de curiosidad y cr\u00edtica social, m\u00e1s le ha dado la vuelta al mundo en historietas, ilustraciones, im\u00e1genes en souvenirs, etc\u00e9tera.<\/p>\n\n\n\n<p>Pero no solo ellos, los mexicanos, los latinos y habitantes del mundo entero sentimos profunda nostalgia con esta noticia. Quino muri\u00f3 hoy a los 88 a\u00f1os, confirmaron fuentes cercanas al autor y agencias internacionales.&nbsp;<\/p>\n\n\n\n<p>Como dir\u00eda Ana Torroja en una canci\u00f3n de Mecano \u201cestamos justos de genios\u201d. Y es que se fue un dibujante y artista, quien tal vez no sab\u00eda que su primera creaci\u00f3n de Mafalda en 1964, har\u00eda historia. Que su tierna y perspicaz ni\u00f1a, pondr\u00eda a reflexionar a muchas generaciones de chicos y grandes. Ella, Susanita y sus amigos, nos regalaron a muchos, una infancia, adolescencia y juventud m\u00e1s llevadera.<\/p>\n\n\n\n<p>Y \u00bfqui\u00e9n fue este t\u00edmido dibujante?<\/p>\n\n\n\n<p>Seg\u00fan recuerda el diario El Clar\u00edn el d\u00eda de hoy, Quino era bastante reservado.&nbsp;\u201cEleg\u00ed dibujar porque hablar me cuesta bastante\u201d, dijo en una ocasi\u00f3n en una entrevista.<\/p>\n\n\n\n<p>Quino naci\u00f3 como Joaqu\u00edn Salvador Lavado el 17 de julio de 1932 en la ciudad de Mendoza, Argentina. Recibi\u00f3 el apodo desde chico para diferenciarlo de su t\u00edo Joaqu\u00edn Tej\u00f3n, pintor y dibujante publicitario, con quien a los 3 a\u00f1os descubri\u00f3 su vocaci\u00f3n. Sus dos padres eran espa\u00f1oles de Andaluc\u00eda, pero ambos fallecieron cuando Quino era todav\u00eda un ni\u00f1o.&nbsp;<\/p>\n\n\n\n<p>Tras terminar la escuela primaria, el peque\u00f1o Joaqu\u00edn decidi\u00f3 inscribirse en la Escuela de Bellas Artes de Mendoza, la que abandonar\u00eda a\u00f1os despu\u00e9s para dedicarse exclusivamente a dibujar historietas.<\/p>\n\n\n\n<p>En 1954, a los 18 a\u00f1os, Quino se instal\u00f3 precariamente en Buenos Aires y deambul\u00f3 por las redacciones de todos los diarios y revistas en busca de empleo. La revista&nbsp;<em>Esto Es<\/em>&nbsp;fue la que finalmente public\u00f3 su primera p\u00e1gina de humor gr\u00e1fico. En 1963, lanz\u00f3 su primer libro,&nbsp;<em>Mundo Quino<\/em>, una recopilaci\u00f3n de historietas humor\u00edsticas mudas.<\/p>\n\n\n\n<p>El 29 de septiembre de 1964, apareci\u00f3 Mafalda por primera vez en la revista&nbsp;<em>Primera Plana.<\/em><\/p>\n\n\n\n<p>\u00a1Hasta siempre, Quino!<\/p>\n\n\n\n<p>Con informaci\u00f3n de\u00a0<em>El Clar\u00edn<\/em>\u00a0y<a href=\"http:\/\/www.mibuenosairesquerido.com\/\"> mibuenosairesquerido.com<\/a><\/p>\n","protected":false},"excerpt":{"rendered":"<p>Los argentinos, seguramente, sufren de tristeza y nostalgia con la noticia de la muerte de Quino, el creador de Mafalda; la ni\u00f1a cuyas ideas llenas de curiosidad y cr\u00edtica social, &hellip; <a href=\"https:\/\/lavereda.com.mx\/index.php\/2020\/09\/30\/chau-quino\/\" class=\"more-link\">Leer m\u00e1s<\/a><\/p>\n","protected":false},"author":9,"featured_media":675,"comment_status":"open","ping_status":"open","sticky":false,"template":"","format":"standard","meta":{"footnotes":""},"categories":[3,18],"tags":[],"class_list":["post-674","post","type-post","status-publish","format-standard","has-post-thumbnail","hentry","category-artes-visuales","category-lomasrelevante","entry"],"_links":{"self":[{"href":"https:\/\/lavereda.com.mx\/index.php\/wp-json\/wp\/v2\/posts\/674","targetHints":{"allow":["GET"]}}],"collection":[{"href":"https:\/\/lavereda.com.mx\/index.php\/wp-json\/wp\/v2\/posts"}],"about":[{"href":"https:\/\/lavereda.com.mx\/index.php\/wp-json\/wp\/v2\/types\/post"}],"author":[{"embeddable":true,"href":"https:\/\/lavereda.com.mx\/index.php\/wp-json\/wp\/v2\/users\/9"}],"replies":[{"embeddable":true,"href":"https:\/\/lavereda.com.mx\/index.php\/wp-json\/wp\/v2\/comments?post=674"}],"version-history":[{"count":1,"href":"https:\/\/lavereda.com.mx\/index.php\/wp-json\/wp\/v2\/posts\/674\/revisions"}],"predecessor-version":[{"id":676,"href":"https:\/\/lavereda.com.mx\/index.php\/wp-json\/wp\/v2\/posts\/674\/revisions\/676"}],"wp:featuredmedia":[{"embeddable":true,"href":"https:\/\/lavereda.com.mx\/index.php\/wp-json\/wp\/v2\/media\/675"}],"wp:attachment":[{"href":"https:\/\/lavereda.com.mx\/index.php\/wp-json\/wp\/v2\/media?parent=674"}],"wp:term":[{"taxonomy":"category","embeddable":true,"href":"https:\/\/lavereda.com.mx\/index.php\/wp-json\/wp\/v2\/categories?post=674"},{"taxonomy":"post_tag","embeddable":true,"href":"https:\/\/lavereda.com.mx\/index.php\/wp-json\/wp\/v2\/tags?post=674"}],"curies":[{"name":"wp","href":"https:\/\/api.w.org\/{rel}","templated":true}]}}