{"id":6717,"date":"2025-05-09T00:56:02","date_gmt":"2025-05-09T00:56:02","guid":{"rendered":"https:\/\/lavereda.com.mx\/?p=6717"},"modified":"2025-05-09T00:59:27","modified_gmt":"2025-05-09T00:59:27","slug":"ninas-y-ninos-inundan-la-feria-internacional-del-libro-de-coahuila","status":"publish","type":"post","link":"https:\/\/lavereda.com.mx\/index.php\/2025\/05\/09\/ninas-y-ninos-inundan-la-feria-internacional-del-libro-de-coahuila\/","title":{"rendered":"Ni\u00f1as y ni\u00f1os inundan la Feria Internacional del Libro de Coahuila"},"content":{"rendered":"\n<p>Ni\u00f1as, ni\u00f1os y adolescentes\u00a0coahuilenses\u00a0visitan con asombro la Feria Internacional del Libro de Coahuila, en un recorrido que se ha convertido en una experiencia inolvidable, tanto para ellos como para sus maestras y maestros.<\/p>\n\n\n\n<p>Desde temprana hora, camiones escolares llegan al recinto ferial, muchos provenientes de comunidades rurales donde el acceso a eventos culturales es limitado. \u201cPara muchos de mis alumnos, es la primera vez que ven tantos libros juntos, que asisten a un taller art\u00edstico o que escuchan poes\u00eda en vivo\u201d, cuenta la maestra Rosa Mar\u00eda L\u00f3pez, de un plantel rural de General Cepeda. \u201cLlegaron con los ojos brillando de emoci\u00f3n, preguntando si de verdad podr\u00edan tocar los libros, si podr\u00edan llevar alguno a casa.\u201d<\/p>\n\n\n\n<p>En el Pabell\u00f3n Inspira, los peque\u00f1os se sumergen en actividades pensadas especialmente para fomentar su imaginaci\u00f3n: cuentacuentos, juegos literarios y din\u00e1micas que los hacen part\u00edcipes activos de las historias. En el Sal\u00f3n de la Poes\u00eda, escuchan atentamente los versos que cobran vida en voces c\u00e1lidas y cercanas, mientras que en los talleres art\u00edsticos transforman papel, palabras y color en obras propias.<\/p>\n\n\n\n<p>Los eventos art\u00edsticos \u2014que incluyen teatro gui\u00f1ol, t\u00edteres y m\u00fasica infantil\u2014 despiertan carcajadas y aplausos entusiastas. El recorrido por el \u00e1rea editorial les permite conocer editoriales locales y nacionales, y m\u00e1s de uno se detiene asombrado frente a portadas ilustradas que despiertan su curiosidad lectora.<\/p>\n\n\n\n<p>Las y los docentes coinciden en que esta experiencia trasciende el aula. \u201cEste tipo de actividades abren puertas que a veces ni siquiera sab\u00edamos que exist\u00edan. Ver a mis alumnos interactuar con escritores, preguntar en los talleres, elegir un libro por gusto propio, es algo que jam\u00e1s olvidar\u00e1n. Nosotras tampoco\u201d, se\u00f1ala emocionada la maestra Cristina Arreola, de una primaria en Jim\u00e9nez, Coahuila.<\/p>\n","protected":false},"excerpt":{"rendered":"<p>Ni\u00f1as, ni\u00f1os y adolescentes\u00a0coahuilenses\u00a0visitan con asombro la Feria Internacional del Libro de Coahuila, en un recorrido que se ha convertido en una experiencia inolvidable, tanto para ellos como para sus &hellip; <a href=\"https:\/\/lavereda.com.mx\/index.php\/2025\/05\/09\/ninas-y-ninos-inundan-la-feria-internacional-del-libro-de-coahuila\/\" class=\"more-link\">Leer m\u00e1s<\/a><\/p>\n","protected":false},"author":1,"featured_media":6718,"comment_status":"open","ping_status":"open","sticky":false,"template":"","format":"standard","meta":{"footnotes":""},"categories":[10],"tags":[],"class_list":["post-6717","post","type-post","status-publish","format-standard","has-post-thumbnail","hentry","category-la-vereda-infantil","entry"],"_links":{"self":[{"href":"https:\/\/lavereda.com.mx\/index.php\/wp-json\/wp\/v2\/posts\/6717","targetHints":{"allow":["GET"]}}],"collection":[{"href":"https:\/\/lavereda.com.mx\/index.php\/wp-json\/wp\/v2\/posts"}],"about":[{"href":"https:\/\/lavereda.com.mx\/index.php\/wp-json\/wp\/v2\/types\/post"}],"author":[{"embeddable":true,"href":"https:\/\/lavereda.com.mx\/index.php\/wp-json\/wp\/v2\/users\/1"}],"replies":[{"embeddable":true,"href":"https:\/\/lavereda.com.mx\/index.php\/wp-json\/wp\/v2\/comments?post=6717"}],"version-history":[{"count":1,"href":"https:\/\/lavereda.com.mx\/index.php\/wp-json\/wp\/v2\/posts\/6717\/revisions"}],"predecessor-version":[{"id":6719,"href":"https:\/\/lavereda.com.mx\/index.php\/wp-json\/wp\/v2\/posts\/6717\/revisions\/6719"}],"wp:featuredmedia":[{"embeddable":true,"href":"https:\/\/lavereda.com.mx\/index.php\/wp-json\/wp\/v2\/media\/6718"}],"wp:attachment":[{"href":"https:\/\/lavereda.com.mx\/index.php\/wp-json\/wp\/v2\/media?parent=6717"}],"wp:term":[{"taxonomy":"category","embeddable":true,"href":"https:\/\/lavereda.com.mx\/index.php\/wp-json\/wp\/v2\/categories?post=6717"},{"taxonomy":"post_tag","embeddable":true,"href":"https:\/\/lavereda.com.mx\/index.php\/wp-json\/wp\/v2\/tags?post=6717"}],"curies":[{"name":"wp","href":"https:\/\/api.w.org\/{rel}","templated":true}]}}