{"id":6714,"date":"2025-05-08T00:39:14","date_gmt":"2025-05-08T00:39:14","guid":{"rendered":"https:\/\/lavereda.com.mx\/?p=6714"},"modified":"2025-05-08T00:39:14","modified_gmt":"2025-05-08T00:39:14","slug":"mariana-chabukiani-deleitara-con-concierto-de-tchaikovsky","status":"publish","type":"post","link":"https:\/\/lavereda.com.mx\/index.php\/2025\/05\/08\/mariana-chabukiani-deleitara-con-concierto-de-tchaikovsky\/","title":{"rendered":"Mariana Chabukiani deleitar\u00e1 con concierto de Tchaikovsky"},"content":{"rendered":"\n<p>La maestra Mariana Chabukiani ser\u00e1 la solista del noveno concierto de temporada de Camerata de Coahuila, que se presenta este jueves 8 de mayo y el domingo 11, en el Teatro Isauro Mart\u00ednez. Ella interpretar\u00e1 el Concierto para Piano No. 1 de Tchaikovsky, bajo la direcci\u00f3n de Ram\u00f3n Shade.<\/p>\n\n\n\n<p>El programa para este concierto se integra de las obras: En las Estepas de Asia Central de Alexander Borodin, Polonesa y Vals de \u201cEugene Onegin\u201d y el Concierto para Piano No. 1 Op. 23 de P. I. Tchaikovsky.<\/p>\n\n\n\n<p><br>El Concierto para piano no. 1, en si bemol menor, Op. 23, el m\u00e1s conocido de los conciertos que compuso para piano este compositor, fue escrito entre noviembre 1874 y febrero de 1875. Posteriormente, Tchaikovsky hizo peque\u00f1as modificaciones a esta obra en 1879 y de nuevo en 1888. Esta \u00faltima versi\u00f3n fue la definitiva y es la que actualmente se interpreta en todo el mundo.<\/p>\n\n\n\n<p>Su estreno tuvo lugar el 13 de octubre de 1875 en Boston, interpretado por Hans von B\u00fcllow y fue un \u00e9xito rotundo; iniciando as\u00ed, una serie de presentaciones en Estados Unidos que aumentaron la popularidad del compositor en aquel pa\u00eds.<\/p>\n\n\n\n<p>Mariana Chabukiani, nacida en Georgia, es la talentosa pianista de la Camerata de Coahuila desde 1999. A lo largo de su carrera, ha obtenido destacados reconocimientos, incluyendo primeros lugares en el Concurso Nacional de Piano de Georgia en Tbilisi y en el Concurso para Dos Pianos en Georgia. En 2020, fue galardonada con el premio de excelencia y el t\u00edtulo de Mejor Maestra en el prestigioso Forte International Music Competition, celebrado en Carnegie Hall, Nueva York.<\/p>\n\n\n\n<p>Como profesora de piano, la maestra Chabukiani ha formado a numerosos alumnos que han obtenido primeros lugares en concursos internacionales y que han tenido la oportunidad de presentarse como solistas con orquestas tanto nacionales como internacionales. Su dedicaci\u00f3n y talento han contribuido significativamente al desarrollo de j\u00f3venes m\u00fasicos en el \u00e1mbito internacional.<\/p>\n\n\n\n<p>Este concierto se realizar\u00e1 en punto de las 20:30 horas este jueves y el domingo en punto de las 12:00 horas.<\/p>\n","protected":false},"excerpt":{"rendered":"<p>La maestra Mariana Chabukiani ser\u00e1 la solista del noveno concierto de temporada de Camerata de Coahuila, que se presenta este jueves 8 de mayo y el domingo 11, en el &hellip; <a href=\"https:\/\/lavereda.com.mx\/index.php\/2025\/05\/08\/mariana-chabukiani-deleitara-con-concierto-de-tchaikovsky\/\" class=\"more-link\">Leer m\u00e1s<\/a><\/p>\n","protected":false},"author":9,"featured_media":6715,"comment_status":"open","ping_status":"open","sticky":false,"template":"","format":"standard","meta":{"footnotes":""},"categories":[18,4],"tags":[26,213],"class_list":["post-6714","post","type-post","status-publish","format-standard","has-post-thumbnail","hentry","category-lomasrelevante","category-musica","tag-camerata-de-coahuila","tag-tchaikovsky","entry"],"_links":{"self":[{"href":"https:\/\/lavereda.com.mx\/index.php\/wp-json\/wp\/v2\/posts\/6714","targetHints":{"allow":["GET"]}}],"collection":[{"href":"https:\/\/lavereda.com.mx\/index.php\/wp-json\/wp\/v2\/posts"}],"about":[{"href":"https:\/\/lavereda.com.mx\/index.php\/wp-json\/wp\/v2\/types\/post"}],"author":[{"embeddable":true,"href":"https:\/\/lavereda.com.mx\/index.php\/wp-json\/wp\/v2\/users\/9"}],"replies":[{"embeddable":true,"href":"https:\/\/lavereda.com.mx\/index.php\/wp-json\/wp\/v2\/comments?post=6714"}],"version-history":[{"count":1,"href":"https:\/\/lavereda.com.mx\/index.php\/wp-json\/wp\/v2\/posts\/6714\/revisions"}],"predecessor-version":[{"id":6716,"href":"https:\/\/lavereda.com.mx\/index.php\/wp-json\/wp\/v2\/posts\/6714\/revisions\/6716"}],"wp:featuredmedia":[{"embeddable":true,"href":"https:\/\/lavereda.com.mx\/index.php\/wp-json\/wp\/v2\/media\/6715"}],"wp:attachment":[{"href":"https:\/\/lavereda.com.mx\/index.php\/wp-json\/wp\/v2\/media?parent=6714"}],"wp:term":[{"taxonomy":"category","embeddable":true,"href":"https:\/\/lavereda.com.mx\/index.php\/wp-json\/wp\/v2\/categories?post=6714"},{"taxonomy":"post_tag","embeddable":true,"href":"https:\/\/lavereda.com.mx\/index.php\/wp-json\/wp\/v2\/tags?post=6714"}],"curies":[{"name":"wp","href":"https:\/\/api.w.org\/{rel}","templated":true}]}}