{"id":6710,"date":"2025-05-04T19:36:45","date_gmt":"2025-05-04T19:36:45","guid":{"rendered":"https:\/\/lavereda.com.mx\/?p=6710"},"modified":"2025-05-04T19:36:45","modified_gmt":"2025-05-04T19:36:45","slug":"el-eternauta","status":"publish","type":"post","link":"https:\/\/lavereda.com.mx\/index.php\/2025\/05\/04\/el-eternauta\/","title":{"rendered":"El Eternauta"},"content":{"rendered":"\n<p><strong>El Eternauta (2025)<\/strong><\/p>\n\n\n\n<p><strong>Netflix<\/strong><\/p>\n\n\n\n<p>Juan (Ricardo Dar\u00edn) encabeza a un grupo de amigos, en Buenos Aires que deben sobrevivir a una situaci\u00f3n apocal\u00edptica que ha diezmado la poblaci\u00f3n mundial. Todos, para andar en la calle, deben estar cubiertos y con m\u00e1scaras para respirar, para evitar una nieve t\u00f3xica que los puede aniquilar.<\/p>\n\n\n\n<p>La primera temporada de esta serie de seis episodios es una superproducci\u00f3n sin precedentes en Am\u00e9rica Latina, con una soberbia historia y grandes actuaciones, con efectos especiales que no le piden nada a Hollywood.<\/p>\n\n\n\n<p>Basada en la novela gr\u00e1fica de los 50, El Eternauta es una gran pieza de ciencia ficci\u00f3n muy emocionante con momentos de drama extremo.<\/p>\n\n\n\n<p>La tensi\u00f3n se va armando lentamente y se requiere paciencia para conocer el misterio del cambio clim\u00e1tico y la gran sorpresa de lo que lo provoca. Pero vale la pena todo el viaje para seguir a estos se\u00f1ores de la Argentina que tratan por salvarse en el fin del mundo.<\/p>\n\n\n\n<p>Ya viene la segunda temporada.<\/p>\n\n\n\n<p>(PG-13. Orientaci\u00f3n de los padres a menores de 13 a\u00f1os)<\/p>\n\n\n\n<p>@LucianoCamposG<\/p>\n\n\n\n<figure class=\"wp-block-embed is-type-video is-provider-youtube wp-block-embed-youtube wp-embed-aspect-16-9 wp-has-aspect-ratio\"><div class=\"wp-block-embed__wrapper\">\n<iframe title=\"El Eternauta | Tr\u00e1iler oficial | Netflix\" width=\"1170\" height=\"658\" src=\"https:\/\/www.youtube.com\/embed\/ykLTd5aTa88?feature=oembed\" frameborder=\"0\" allow=\"accelerometer; autoplay; clipboard-write; encrypted-media; gyroscope; picture-in-picture; web-share\" referrerpolicy=\"strict-origin-when-cross-origin\" allowfullscreen><\/iframe>\n<\/div><\/figure>\n","protected":false},"excerpt":{"rendered":"<p>El Eternauta (2025) Netflix Juan (Ricardo Dar\u00edn) encabeza a un grupo de amigos, en Buenos Aires que deben sobrevivir a una situaci\u00f3n apocal\u00edptica que ha diezmado la poblaci\u00f3n mundial. Todos, &hellip; <a href=\"https:\/\/lavereda.com.mx\/index.php\/2025\/05\/04\/el-eternauta\/\" class=\"more-link\">Leer m\u00e1s<\/a><\/p>\n","protected":false},"author":3,"featured_media":6711,"comment_status":"open","ping_status":"open","sticky":false,"template":"","format":"standard","meta":{"footnotes":""},"categories":[6,7,18],"tags":[],"class_list":["post-6710","post","type-post","status-publish","format-standard","has-post-thumbnail","hentry","category-cinetv","category-entretenimiento","category-lomasrelevante","entry"],"_links":{"self":[{"href":"https:\/\/lavereda.com.mx\/index.php\/wp-json\/wp\/v2\/posts\/6710","targetHints":{"allow":["GET"]}}],"collection":[{"href":"https:\/\/lavereda.com.mx\/index.php\/wp-json\/wp\/v2\/posts"}],"about":[{"href":"https:\/\/lavereda.com.mx\/index.php\/wp-json\/wp\/v2\/types\/post"}],"author":[{"embeddable":true,"href":"https:\/\/lavereda.com.mx\/index.php\/wp-json\/wp\/v2\/users\/3"}],"replies":[{"embeddable":true,"href":"https:\/\/lavereda.com.mx\/index.php\/wp-json\/wp\/v2\/comments?post=6710"}],"version-history":[{"count":1,"href":"https:\/\/lavereda.com.mx\/index.php\/wp-json\/wp\/v2\/posts\/6710\/revisions"}],"predecessor-version":[{"id":6712,"href":"https:\/\/lavereda.com.mx\/index.php\/wp-json\/wp\/v2\/posts\/6710\/revisions\/6712"}],"wp:featuredmedia":[{"embeddable":true,"href":"https:\/\/lavereda.com.mx\/index.php\/wp-json\/wp\/v2\/media\/6711"}],"wp:attachment":[{"href":"https:\/\/lavereda.com.mx\/index.php\/wp-json\/wp\/v2\/media?parent=6710"}],"wp:term":[{"taxonomy":"category","embeddable":true,"href":"https:\/\/lavereda.com.mx\/index.php\/wp-json\/wp\/v2\/categories?post=6710"},{"taxonomy":"post_tag","embeddable":true,"href":"https:\/\/lavereda.com.mx\/index.php\/wp-json\/wp\/v2\/tags?post=6710"}],"curies":[{"name":"wp","href":"https:\/\/api.w.org\/{rel}","templated":true}]}}