{"id":6704,"date":"2025-05-01T01:37:18","date_gmt":"2025-05-01T01:37:18","guid":{"rendered":"https:\/\/lavereda.com.mx\/?p=6704"},"modified":"2025-05-01T01:37:18","modified_gmt":"2025-05-01T01:37:18","slug":"presentan-obra-de-teatro-documental-basada-en-matanza-de-303-chinos","status":"publish","type":"post","link":"https:\/\/lavereda.com.mx\/index.php\/2025\/05\/01\/presentan-obra-de-teatro-documental-basada-en-matanza-de-303-chinos\/","title":{"rendered":"Presentan obra de teatro documental basada en matanza de 303 chinos"},"content":{"rendered":"\n<p>La puesta en escena \u201c-303: Relatos de una comunidad ausente\u201d, es el resultado\u00a0de una investigaci\u00f3n historiogr\u00e1fica que ha realizado el director y actor Iv\u00e1n Losa, despu\u00e9s de un a\u00f1o y medio de investigar e indagar en los archivos la historia de esta matanza en mayo de 1911.<\/p>\n\n\n\n<p>El montaje se presenta el 2, 3 y 4 de mayo en el Teatro del Inmus (Prolongaci\u00f3n Col\u00f3n y Galeana) de Torre\u00f3n, a las 19:00 horas con entrada libre.<\/p>\n\n\n\n<p>\u201cB\u00e1sicamente es una pieza que nos va a ir adentrando en todo lo que tiene que ver con la matanza en mayo de 1911 de 303 cantoneses, yo hice un trabajo tanto archiv\u00edstico como period\u00edstico, para poder este entrevistar&nbsp; a escritores e historiadores que saben y han hablado del tema, tambi\u00e9n a transe\u00fantes\u201d, coment\u00f3 Iv\u00e1n en entrevista.<\/p>\n\n\n\n<p>\u201cTodo esto va a ir creando el clima en torno a la leyenda negra que se cre\u00f3 acerca de la matanza de 303 chinos y una gu\u00eda de qu\u00e9 se dice, por qu\u00e9 se dice y c\u00f3mo se dice todo acerca de este episodio\u201d.<\/p>\n\n\n\n<p>Resalt\u00f3 que para este trabajo \u00e9l utiliz\u00f3 una t\u00e9cnica que da la posibilidad de documentar y de poder traer escena los relatos y los testimonios de manera muy estricta y precisa.&nbsp;<\/p>\n\n\n\n<p>La pieza teatral ofrecer\u00e1 un recorrido por los archivos hist\u00f3ricos que hablan sobre la matanza y&nbsp; un anti archivo que est\u00e1 inventado expresamente para la obra, pero que tambi\u00e9n tiene una carga de memoria y un peso hist\u00f3rico.<\/p>\n\n\n\n<p>\u201cEs un trabajo de mucha investigaci\u00f3n, de mucha dedicaci\u00f3n historiogr\u00e1fica que desembocan en una pieza esc\u00e9nica. Estamos invitando a la comunidad Lagunera para poder repensar y reelaborar el hecho hist\u00f3rico mismo, ya que es muy importante para nosotros poder hacer memoria\u201d, puntualiz\u00f3 el creador esc\u00e9nico.<\/p>\n","protected":false},"excerpt":{"rendered":"<p>La puesta en escena \u201c-303: Relatos de una comunidad ausente\u201d, es el resultado\u00a0de una investigaci\u00f3n historiogr\u00e1fica que ha realizado el director y actor Iv\u00e1n Losa, despu\u00e9s de un a\u00f1o y &hellip; <a href=\"https:\/\/lavereda.com.mx\/index.php\/2025\/05\/01\/presentan-obra-de-teatro-documental-basada-en-matanza-de-303-chinos\/\" class=\"more-link\">Leer m\u00e1s<\/a><\/p>\n","protected":false},"author":9,"featured_media":6705,"comment_status":"open","ping_status":"open","sticky":false,"template":"","format":"standard","meta":{"footnotes":""},"categories":[2,18],"tags":[],"class_list":["post-6704","post","type-post","status-publish","format-standard","has-post-thumbnail","hentry","category-artes-escenicas","category-lomasrelevante","entry"],"_links":{"self":[{"href":"https:\/\/lavereda.com.mx\/index.php\/wp-json\/wp\/v2\/posts\/6704","targetHints":{"allow":["GET"]}}],"collection":[{"href":"https:\/\/lavereda.com.mx\/index.php\/wp-json\/wp\/v2\/posts"}],"about":[{"href":"https:\/\/lavereda.com.mx\/index.php\/wp-json\/wp\/v2\/types\/post"}],"author":[{"embeddable":true,"href":"https:\/\/lavereda.com.mx\/index.php\/wp-json\/wp\/v2\/users\/9"}],"replies":[{"embeddable":true,"href":"https:\/\/lavereda.com.mx\/index.php\/wp-json\/wp\/v2\/comments?post=6704"}],"version-history":[{"count":1,"href":"https:\/\/lavereda.com.mx\/index.php\/wp-json\/wp\/v2\/posts\/6704\/revisions"}],"predecessor-version":[{"id":6706,"href":"https:\/\/lavereda.com.mx\/index.php\/wp-json\/wp\/v2\/posts\/6704\/revisions\/6706"}],"wp:featuredmedia":[{"embeddable":true,"href":"https:\/\/lavereda.com.mx\/index.php\/wp-json\/wp\/v2\/media\/6705"}],"wp:attachment":[{"href":"https:\/\/lavereda.com.mx\/index.php\/wp-json\/wp\/v2\/media?parent=6704"}],"wp:term":[{"taxonomy":"category","embeddable":true,"href":"https:\/\/lavereda.com.mx\/index.php\/wp-json\/wp\/v2\/categories?post=6704"},{"taxonomy":"post_tag","embeddable":true,"href":"https:\/\/lavereda.com.mx\/index.php\/wp-json\/wp\/v2\/tags?post=6704"}],"curies":[{"name":"wp","href":"https:\/\/api.w.org\/{rel}","templated":true}]}}