{"id":670,"date":"2020-09-29T17:23:22","date_gmt":"2020-09-29T17:23:22","guid":{"rendered":"http:\/\/lavereda.com.mx\/?p=670"},"modified":"2020-09-29T17:27:25","modified_gmt":"2020-09-29T17:27:25","slug":"nueva-salvacion-por-el-palindromo","status":"publish","type":"post","link":"https:\/\/lavereda.com.mx\/index.php\/2020\/09\/29\/nueva-salvacion-por-el-palindromo\/","title":{"rendered":"Nueva salvaci\u00f3n por el pal\u00edndromo"},"content":{"rendered":"\n<p>Hace casi dos a\u00f1os publiqu\u00e9 este p\u00f3rtico en un art\u00edculo intitulado \u201cLa salvaci\u00f3n por el pal\u00edndromo\u201d:<\/p>\n\n\n\n<blockquote class=\"wp-block-quote is-layout-flow wp-block-quote-is-layout-flow\"><p>He cultivado el arte de hacer pal\u00edndromos hace ya m\u00e1s de treinta a\u00f1os. Recuerdo n\u00edtidamente que, en el caf\u00e9 Benavides de Torre\u00f3n, Coahuila, H\u00e9ctor Matuk gui\u00f3 mis primeros pasos en esa dif\u00edcil, ardua escalada verbal, joya de la ludo-ling\u00fc\u00edstica del idioma como la motej\u00f3, con punter\u00eda de apache, Marius Serra, el sabio catal\u00e1n de su fruici\u00f3n&nbsp;<em>Verbalia<\/em>.&nbsp;<\/p><\/blockquote>\n\n\n\n<p>&nbsp;&nbsp;&nbsp;&nbsp;&nbsp;&nbsp;&nbsp;&nbsp; Han ocurrido algunas variables muy vitales y muy gratificantes: la antolog\u00eda palindr\u00f3mica para ni\u00f1os prologada por nadie menos que Pere (Pedro Ruiz) por parte de la Secretar\u00eda de Cultura de Coahuila, gracias a la iniciativa de Ana Sof\u00eda Garc\u00eda Camil, mis pal\u00edndromos en varias avenidas o calles de la comarca lagunera, gracias a los buenos oficios de mi amigo\/hermano C\u00e9sar Alejandro Quiroz y, ahora, mis pal\u00edndromos estampados en playeras o camisetas como, por ejemplo, O rey o joyero, Asirnos a la sonrisa, El bato notable, gracias a la inventiva del gran artista pl\u00e1stico Mauricio Siller. <\/p>\n\n\n\n<p>Destaco tambi\u00e9n la aparici\u00f3n de Palindrom\u00e1n, mi alter ego: un personaje que me habr\u00e1 de desbordar, como el Quijote rebas\u00f3 a Miguel de Cervantes. Tiene todo para triunfar, incluso una dosis de saludable cinismo en los tiempos que corren como, esta respuesta que celebr\u00f3 Felipe Garrido con el t\u00e9rmino\u00a0<em>superlativa<\/em>: \u201cPalindrom\u00e1n: \u00bfla reclusi\u00f3n es el camino para ganar la batalla contra la pandemia? A lo que Palindrom\u00e1n respondi\u00f3: S\u00ed<em>, la ruta natural<\/em>. Y sigue la mata dando\u2026<\/p>\n\n\n\n<p><em>Twitter: @gilpg<\/em><\/p>\n\n\n\n<p><\/p>\n","protected":false},"excerpt":{"rendered":"<p>Hace casi dos a\u00f1os publiqu\u00e9 este p\u00f3rtico en un art\u00edculo intitulado \u201cLa salvaci\u00f3n por el pal\u00edndromo\u201d: He cultivado el arte de hacer pal\u00edndromos hace ya m\u00e1s de treinta a\u00f1os. Recuerdo &hellip; <a href=\"https:\/\/lavereda.com.mx\/index.php\/2020\/09\/29\/nueva-salvacion-por-el-palindromo\/\" class=\"more-link\">Leer m\u00e1s<\/a><\/p>\n","protected":false},"author":12,"featured_media":671,"comment_status":"open","ping_status":"open","sticky":false,"template":"","format":"standard","meta":{"footnotes":""},"categories":[18,9],"tags":[],"class_list":["post-670","post","type-post","status-publish","format-standard","has-post-thumbnail","hentry","category-lomasrelevante","category-opinion","entry"],"_links":{"self":[{"href":"https:\/\/lavereda.com.mx\/index.php\/wp-json\/wp\/v2\/posts\/670","targetHints":{"allow":["GET"]}}],"collection":[{"href":"https:\/\/lavereda.com.mx\/index.php\/wp-json\/wp\/v2\/posts"}],"about":[{"href":"https:\/\/lavereda.com.mx\/index.php\/wp-json\/wp\/v2\/types\/post"}],"author":[{"embeddable":true,"href":"https:\/\/lavereda.com.mx\/index.php\/wp-json\/wp\/v2\/users\/12"}],"replies":[{"embeddable":true,"href":"https:\/\/lavereda.com.mx\/index.php\/wp-json\/wp\/v2\/comments?post=670"}],"version-history":[{"count":2,"href":"https:\/\/lavereda.com.mx\/index.php\/wp-json\/wp\/v2\/posts\/670\/revisions"}],"predecessor-version":[{"id":673,"href":"https:\/\/lavereda.com.mx\/index.php\/wp-json\/wp\/v2\/posts\/670\/revisions\/673"}],"wp:featuredmedia":[{"embeddable":true,"href":"https:\/\/lavereda.com.mx\/index.php\/wp-json\/wp\/v2\/media\/671"}],"wp:attachment":[{"href":"https:\/\/lavereda.com.mx\/index.php\/wp-json\/wp\/v2\/media?parent=670"}],"wp:term":[{"taxonomy":"category","embeddable":true,"href":"https:\/\/lavereda.com.mx\/index.php\/wp-json\/wp\/v2\/categories?post=670"},{"taxonomy":"post_tag","embeddable":true,"href":"https:\/\/lavereda.com.mx\/index.php\/wp-json\/wp\/v2\/tags?post=670"}],"curies":[{"name":"wp","href":"https:\/\/api.w.org\/{rel}","templated":true}]}}