{"id":6699,"date":"2025-04-29T22:32:06","date_gmt":"2025-04-29T22:32:06","guid":{"rendered":"https:\/\/lavereda.com.mx\/?p=6699"},"modified":"2025-04-29T22:32:07","modified_gmt":"2025-04-29T22:32:07","slug":"la-estetica-foro-escenico-celebra-tercer-aniversario-con-cartelera","status":"publish","type":"post","link":"https:\/\/lavereda.com.mx\/index.php\/2025\/04\/29\/la-estetica-foro-escenico-celebra-tercer-aniversario-con-cartelera\/","title":{"rendered":"La Est\u00e9tica Foro Esc\u00e9nico celebra tercer aniversario con cartelera"},"content":{"rendered":"\n<ul class=\"wp-block-list\">\n<li><em>El espacio independiente llega a su tercer aniversario y ofrece un fin de semana de teatro para p\u00fablico de todas las edades.<\/em><\/li>\n<\/ul>\n\n\n\n<p>A lo largo de tres a\u00f1os La Est\u00e9tica Foro Esc\u00e9nico ha logrado posicionarse como una opci\u00f3n viable para la presentaci\u00f3n de todo tipo de espect\u00e1culos, funcionando tambi\u00e9n como sala de ensayo o espacio creativo, se imparten, como parte de sus actividades regulares, talleres de teatro y canto para ni\u00f1as, ni\u00f1os, j\u00f3venes y adultos.&nbsp;<\/p>\n\n\n\n<p>Desde su inauguraci\u00f3n, ha albergado a compa\u00f1\u00edas, colectivos, agrupaciones, art\u00edsticas locales, nacionales e internacionales, en este espacio alternativo para las artes esc\u00e9nicas. La Est\u00e9tica Foro Esc\u00e9nico no solo se preocupa por ser una plataforma para los artistas, sino por promover el convivio teatral entre artistas y espectadores, as\u00ed como a incentivar a j\u00f3venes laguneros a acercarse a las artes esc\u00e9nicas.&nbsp;<\/p>\n\n\n\n<p>Con este compromiso con su comunidad, organiza de manera independiente el Encuentro de Teatro para Ni\u00f1as y Ni\u00f1os (que hasta el momento lleva dos ediciones), y el Encuentro Morrxs a la Escena teatro hecho por j\u00f3venes laguneros.&nbsp;<\/p>\n\n\n\n<p>En su primer a\u00f1o La Est\u00e9tica Foro Esc\u00e9nico fue sede de la 42 Muestra Nacional De Teatro y del Festival de Mon\u00f3logos \u201cTeatro a una sola voz\u201d, siendo el \u00fanico foro independiente lagunero participando en dichos eventos de talla nacional. En su trayecto ha albergado programas como el Circuito Nacional de las Artes Esc\u00e9nicas del Centro Cultural Hel\u00e9nico, a creadores esc\u00e9nicos locales, nacionales e internacionales.<\/p>\n\n\n\n<figure class=\"wp-block-image size-large is-resized\"><img fetchpriority=\"high\" decoding=\"async\" width=\"768\" height=\"1024\" src=\"https:\/\/lavereda.com.mx\/wp-content\/uploads\/2025\/04\/WhatsApp-Image-2025-04-25-at-1.39.37-PM-768x1024.jpeg\" alt=\"\" class=\"wp-image-6702\" style=\"width:370px;height:auto\" srcset=\"https:\/\/lavereda.com.mx\/wp-content\/uploads\/2025\/04\/WhatsApp-Image-2025-04-25-at-1.39.37-PM-768x1024.jpeg 768w, https:\/\/lavereda.com.mx\/wp-content\/uploads\/2025\/04\/WhatsApp-Image-2025-04-25-at-1.39.37-PM-225x300.jpeg 225w, https:\/\/lavereda.com.mx\/wp-content\/uploads\/2025\/04\/WhatsApp-Image-2025-04-25-at-1.39.37-PM.jpeg 960w\" sizes=\"(max-width: 768px) 100vw, 768px\" \/><\/figure>\n\n\n\n<p><\/p>\n\n\n\n<p>Tere Simental, directora de este espacio, coment\u00f3 que la Est\u00e9tica tiene un inter\u00e9s especial por el respeto y atenci\u00f3n a las infancias y juventudes, por lo que promueve el teatro especializado en dicho sector, teatro que no subestime o vulnere a ni\u00f1as y ni\u00f1os laguneros.\u00a0<\/p>\n\n\n\n<p>Para celebrar su tercer aniversario, tendr\u00e1 un fin de semana de teatro, presentando espect\u00e1culos para adolescentes, adultos y ni\u00f1as y ni\u00f1os mayores de 1 a\u00f1o.<\/p>\n\n\n\n<p><strong>Viernes 2 de Mayo&nbsp;<\/strong><\/p>\n\n\n\n<p>\u201cCasio\u201d de Edgar Estaco.&nbsp;<\/p>\n\n\n\n<p>Amargo Teatro\/Desierto Teatro&nbsp;<\/p>\n\n\n\n<p>Direcci\u00f3n El\u00ed Montemayor.&nbsp;<\/p>\n\n\n\n<p>Actuaci\u00f3n Hugo Dena. Hora: 8:00 P. M.&nbsp;<\/p>\n\n\n\n<p><strong>S\u00e1bado 3 de Mayo&nbsp;<\/strong><\/p>\n\n\n\n<p>\u201cHambre\u201d. De Jimena Eme V\u00e1zquez.&nbsp;<\/p>\n\n\n\n<p>Amargo Teatro&nbsp;<\/p>\n\n\n\n<p>Direcci\u00f3n: El\u00ed Montemayor Hora: 7:00 P. M.&nbsp;<\/p>\n\n\n\n<p><strong>Domingo 4 de Mayo&nbsp;<\/strong><\/p>\n\n\n\n<p>\u201cCaleidoscopio\u201d. De Tere R Simental (Teatro para ni\u00f1as y ni\u00f1os entre 1 y 5 a\u00f1os)&nbsp;<\/p>\n\n\n\n<p>Dedos Cruzados Teatro\/Amargo Teatro&nbsp;<\/p>\n\n\n\n<p>Direcci\u00f3n: Tere R Simental.&nbsp;<\/p>\n\n\n\n<p>Hora: 12:00 P. M.&nbsp;<\/p>\n\n\n\n<p>Terminando la funci\u00f3n, habr\u00e1 juegos en La Est\u00e9tica Foro Esc\u00e9nico.<\/p>\n","protected":false},"excerpt":{"rendered":"<p>A lo largo de tres a\u00f1os La Est\u00e9tica Foro Esc\u00e9nico ha logrado posicionarse como una opci\u00f3n viable para la presentaci\u00f3n de todo tipo de espect\u00e1culos, funcionando tambi\u00e9n como sala de &hellip; <a href=\"https:\/\/lavereda.com.mx\/index.php\/2025\/04\/29\/la-estetica-foro-escenico-celebra-tercer-aniversario-con-cartelera\/\" class=\"more-link\">Leer m\u00e1s<\/a><\/p>\n","protected":false},"author":9,"featured_media":6701,"comment_status":"open","ping_status":"open","sticky":false,"template":"","format":"standard","meta":{"footnotes":""},"categories":[2,18],"tags":[],"class_list":["post-6699","post","type-post","status-publish","format-standard","has-post-thumbnail","hentry","category-artes-escenicas","category-lomasrelevante","entry"],"_links":{"self":[{"href":"https:\/\/lavereda.com.mx\/index.php\/wp-json\/wp\/v2\/posts\/6699","targetHints":{"allow":["GET"]}}],"collection":[{"href":"https:\/\/lavereda.com.mx\/index.php\/wp-json\/wp\/v2\/posts"}],"about":[{"href":"https:\/\/lavereda.com.mx\/index.php\/wp-json\/wp\/v2\/types\/post"}],"author":[{"embeddable":true,"href":"https:\/\/lavereda.com.mx\/index.php\/wp-json\/wp\/v2\/users\/9"}],"replies":[{"embeddable":true,"href":"https:\/\/lavereda.com.mx\/index.php\/wp-json\/wp\/v2\/comments?post=6699"}],"version-history":[{"count":2,"href":"https:\/\/lavereda.com.mx\/index.php\/wp-json\/wp\/v2\/posts\/6699\/revisions"}],"predecessor-version":[{"id":6703,"href":"https:\/\/lavereda.com.mx\/index.php\/wp-json\/wp\/v2\/posts\/6699\/revisions\/6703"}],"wp:featuredmedia":[{"embeddable":true,"href":"https:\/\/lavereda.com.mx\/index.php\/wp-json\/wp\/v2\/media\/6701"}],"wp:attachment":[{"href":"https:\/\/lavereda.com.mx\/index.php\/wp-json\/wp\/v2\/media?parent=6699"}],"wp:term":[{"taxonomy":"category","embeddable":true,"href":"https:\/\/lavereda.com.mx\/index.php\/wp-json\/wp\/v2\/categories?post=6699"},{"taxonomy":"post_tag","embeddable":true,"href":"https:\/\/lavereda.com.mx\/index.php\/wp-json\/wp\/v2\/tags?post=6699"}],"curies":[{"name":"wp","href":"https:\/\/api.w.org\/{rel}","templated":true}]}}