{"id":6692,"date":"2025-04-27T20:47:24","date_gmt":"2025-04-27T20:47:24","guid":{"rendered":"https:\/\/lavereda.com.mx\/?p=6692"},"modified":"2025-04-27T22:57:53","modified_gmt":"2025-04-27T22:57:53","slug":"lagunero-crea-proyecto-en-francia-de-ciencia-aplicada-al-violin","status":"publish","type":"post","link":"https:\/\/lavereda.com.mx\/index.php\/2025\/04\/27\/lagunero-crea-proyecto-en-francia-de-ciencia-aplicada-al-violin\/","title":{"rendered":"Lagunero crea proyecto en Francia de ciencia aplicada al viol\u00edn"},"content":{"rendered":"\n<ul class=\"wp-block-list\">\n<li><em>Actualmente busca apoyo financiero para continuar su investigaci\u00f3n con un postdoctorado.<\/em><\/li>\n<\/ul>\n\n\n\n<p>La ciencia y el arte no son campos opuestos, al contrario. As\u00ed lo demuestra la carrera del joven lagunero Amaury Jamir Meza, quien actualmente estudia un doctorado en ingenier\u00eda ac\u00fastica en la Universidad Sorbona de Par\u00eds. Su trayectoria es muy peculiar, porque adem\u00e1s de estudiar ingenier\u00eda en mecatr\u00f3nica en el Instituto Tecnol\u00f3gico de La Laguna realiz\u00f3 estudios en de viol\u00edn en Torre\u00f3n en el antiguo Centro de Iniciaci\u00f3n Art\u00edstica Pilar Rioja (Cinart) y fue miembro fundador de la Orquesta Sinf\u00f3nica Juvenil de Torre\u00f3n como violinista, en donde adem\u00e1s fue gerente administrativo con un cargo honorario.<\/p>\n\n\n\n<p>Amaury ha desarrollado una gran investigaci\u00f3n de ciencia y rob\u00f3tica aplicadas al funcionamiento del viol\u00edn y se encuentra buscando financiamiento para continuar con un postdoctorado en este campo. Desde Par\u00eds concedi\u00f3 una entrevista a La Vereda.<\/p>\n\n\n\n<p><em><strong>\u00bfC\u00f3mo un ingeniero en mecatr\u00f3nica se interesa en tocar el viol\u00edn y posteriormente estudiar su funcionamiento?<\/strong><\/em><\/p>\n\n\n\n<p>Yo creo que cuando uno es ingeniero siempre tiene la inquietud de entender c\u00f3mo funcionan las cosas y empieza uno a tratar de comprender el mundo. Una de mis inquietudes tambi\u00e9n era el viol\u00edn, empec\u00e9 a pensar por qu\u00e9 las personas llegan a pagar millones de d\u00f3lares por un viol\u00edn, \u00bfqu\u00e9 lo hace tan interesante y tan \u00fanico?. Al principio pens\u00e9 que estudiando c\u00f3mo construirlos iba a obtener la respuesta, pero no es as\u00ed, para eso se necesita la ayuda de la f\u00edsica y de las matem\u00e1ticas, para entender que las cosas no son tan simples y fue as\u00ed como me termin\u00e9 convirtiendo en un investigador del tema.<\/p>\n\n\n\n<p><em><strong>&nbsp;\u00bfQu\u00e9 te motiv\u00f3 a estudiar viol\u00edn dentro de la ingenier\u00eda rob\u00f3tica? \u00bfC\u00f3mo encontraste una relaci\u00f3n?<\/strong><\/em><\/p>\n\n\n\n<p>La primera vez que vi a alguien trabajando en el campo fue un doctor en ac\u00fastica que est\u00e1 en el Instituto Nacional de Bellas Artes en Quer\u00e9taro, el doctor Jes\u00fas Alejandro Torres Torres, en su laboratorio vi que hab\u00eda algo y su consejo es qu\u00e9 si te interesa realmente esto t\u00fa tienes hacer una maestr\u00eda y ah\u00ed fue donde apliqu\u00e9 para la maestr\u00eda en ingenier\u00eda el\u00e9ctrica con especialidad en rob\u00f3tica, con el tema de planeaci\u00f3n de movimientos para una mano rob\u00f3tica violinista. Fue un proyecto que se desarroll\u00f3 bien gracias al apoyo del Conacyt.<\/p>\n\n\n\n<p><em>&nbsp;<strong>\u00bfPor qu\u00e9 crees que en M\u00e9xico no encontraste apoyo suficiente para estudiar un doctorado en este tema?<\/strong><\/em><\/p>\n\n\n\n<p>Para mi maestr\u00eda recib\u00ed apoyo del Conacyt, lo m\u00e1s natural fue pensar que recibir\u00eda el apoyo tambi\u00e9n para el doctorado. Primero apliqu\u00e9 para entrar a la Universidad Sorbona de Par\u00eds\u00a0\u00a0y pens\u00e9 que tal vez la convocatoria iba a salir pronto en el a\u00f1o 2022, pero nunca sali\u00f3. Entonces fue cuando tuve que decidir irme a Francia a presentar el examen para ganarme un contrato doctoral. Tuve que llegar y presentar el proyecto frente al colegio doctoral y defender mi tema de tesis de maestr\u00eda, para que entendieran mi trasfondo y cu\u00e1les eran los alcances que yo quer\u00eda llegar al desarrollar ciencia aplicada al viol\u00edn. Y fue as\u00ed que me admitieron al doctorado en ingenier\u00eda ac\u00fastica.<\/p>\n\n\n\n<p><em><strong>\u00bfCu\u00e1l ha sido tu experiencia de vida al estudiar en Francia en la Sorbona?<\/strong><\/em><\/p>\n\n\n\n<p>Me he sentido muy bien, tambi\u00e9n muy presionado porque es una escuela de alto nivel, si la buscamos en los rankings mundiales est\u00e1 dentro de las 50 mejores. Entonces es una oportunidad enriquecedora porque tienes acceso a laboratorios bien equipados, a software de primera mano, a congresos,\u00a0\u00a0a much\u00edsimas cosas que en M\u00e9xico no no son tan accesibles. Literalmente hay un contrato en el cual t\u00fa tienes que desarrollar ciertas cosas para que se te paguen, termin\u00e9 siendo un empleado de la Sorbona aunque tambi\u00e9n soy estudiante y pues la verdad es que s\u00ed aprendo m\u00e1s, me nutro m\u00e1s con con el acceso al intercambio de ideas, con asesores de primera mano, sigo teniendo contacto con doctores en M\u00e9xico, entonces eso se vuelve un trabajo multidisciplinario donde se involucran f\u00edsicos, ingenieros matem\u00e1ticos y constructores de violines.<\/p>\n\n\n\n<figure class=\"wp-block-image size-large is-resized\"><img fetchpriority=\"high\" decoding=\"async\" width=\"1011\" height=\"1024\" src=\"https:\/\/lavereda.com.mx\/wp-content\/uploads\/2025\/04\/WhatsApp-Image-2025-04-21-at-10.20.52-AM-1011x1024.jpeg\" alt=\"\" class=\"wp-image-6694\" style=\"width:495px;height:auto\" srcset=\"https:\/\/lavereda.com.mx\/wp-content\/uploads\/2025\/04\/WhatsApp-Image-2025-04-21-at-10.20.52-AM-1011x1024.jpeg 1011w, https:\/\/lavereda.com.mx\/wp-content\/uploads\/2025\/04\/WhatsApp-Image-2025-04-21-at-10.20.52-AM-296x300.jpeg 296w, https:\/\/lavereda.com.mx\/wp-content\/uploads\/2025\/04\/WhatsApp-Image-2025-04-21-at-10.20.52-AM-768x778.jpeg 768w, https:\/\/lavereda.com.mx\/wp-content\/uploads\/2025\/04\/WhatsApp-Image-2025-04-21-at-10.20.52-AM.jpeg 1080w\" sizes=\"(max-width: 1011px) 100vw, 1011px\" \/><\/figure>\n\n\n\n<p><\/p>\n\n\n\n<p><\/p>\n\n\n\n<p><em><strong>Hasta ahorita \u00bfcu\u00e1l ha sido tu principal logro en este proyecto?<\/strong><\/em><\/p>\n\n\n\n<blockquote class=\"wp-block-quote is-layout-flow wp-block-quote-is-layout-flow\">\n<p>Logr\u00e9 publicar en\u00a0<em>Acta Ac\u00fastica<\/em>\u00a0que es la revista m\u00e1s importante de ac\u00fastica en Europa tambi\u00e9n sigo trabajando para desarrollar otros art\u00edculos y el hecho de ser publicado en una revista indexada, me dio acceso a la ciencia tal cual y si se busca mi nombre se puede ver que est\u00e1 mi trabajo en Google escolar y eso es enriquecedor, eso me llena mucho de alegr\u00eda.\u00a0<\/p>\n<\/blockquote>\n\n\n\n<p><em><strong>\u00bfCu\u00e1l es la siguiente etapa al terminar tu doctorado?<\/strong><\/em><\/p>\n\n\n\n<p>El paso m\u00e1s natural tras acabar un doctorado&nbsp;&nbsp;es seguir en ciencia, seguir en academia, buscar un postdoctorado que mucha gente piensa que es seguir estudiando, pero no es as\u00ed, es un contrato provisional en lo que se encuentra una posici\u00f3n permanente en una universidad. Yo creo que ser\u00eda lo m\u00e1s conveniente, pero el problema es que se necesita un financiamiento ya liberado, eso algunas veces hace cambiar el campo de investigaci\u00f3n&nbsp;&nbsp;porque uno aprende muchas herramientas durante el doctorado, por ejemplo yo aprend\u00ed soluci\u00f3n de ecuaciones diferenciales en un objeto donde se simula toda la f\u00edsica, podr\u00eda cambiar a modelar aviones o a modelar todo tipo de sistemas, alg\u00fan electrodom\u00e9stico, es un campo muy grande. Entonces ese ser\u00eda el siguiente paso, estudiar un postdoctorado en mi \u00e1rea, espero que se pueda dar.<\/p>\n\n\n\n<p><em><strong>\u00bfQu\u00e9 apoyos necesitas para continuar con el proyecto?<\/strong><\/em><\/p>\n\n\n\n<p>Cuando uno hace una investigaci\u00f3n el principal problema es contar con recursos para software, para vivir durante el tiempo que que se est\u00e1 realizando, para ir a congresos donde se se intercambia la informaci\u00f3n con otros expertos, alg\u00fan curso como una escuela de verano o de invierno, depende de los alcances de la investigaci\u00f3n&nbsp;&nbsp;y tiene que llamarle la atenci\u00f3n a alguien. Es por eso que estoy activamente buscando recursos porque el doctorado lo voy a terminar en tiempo y forma. Ahorita estoy planeando c\u00f3mo seguir en el campo, c\u00f3mo seguir investigando la misma l\u00ednea que he llevado.<\/p>\n","protected":false},"excerpt":{"rendered":"<p>La ciencia y el arte no son campos opuestos, al contrario. As\u00ed lo demuestra la carrera del joven lagunero Amaury Jamir Meza, quien actualmente estudia un doctorado en ingenier\u00eda ac\u00fastica &hellip; <a href=\"https:\/\/lavereda.com.mx\/index.php\/2025\/04\/27\/lagunero-crea-proyecto-en-francia-de-ciencia-aplicada-al-violin\/\" class=\"more-link\">Leer m\u00e1s<\/a><\/p>\n","protected":false},"author":9,"featured_media":6693,"comment_status":"open","ping_status":"open","sticky":false,"template":"","format":"standard","meta":{"footnotes":""},"categories":[18,4,8],"tags":[],"class_list":["post-6692","post","type-post","status-publish","format-standard","has-post-thumbnail","hentry","category-lomasrelevante","category-musica","category-sociedad","entry"],"_links":{"self":[{"href":"https:\/\/lavereda.com.mx\/index.php\/wp-json\/wp\/v2\/posts\/6692","targetHints":{"allow":["GET"]}}],"collection":[{"href":"https:\/\/lavereda.com.mx\/index.php\/wp-json\/wp\/v2\/posts"}],"about":[{"href":"https:\/\/lavereda.com.mx\/index.php\/wp-json\/wp\/v2\/types\/post"}],"author":[{"embeddable":true,"href":"https:\/\/lavereda.com.mx\/index.php\/wp-json\/wp\/v2\/users\/9"}],"replies":[{"embeddable":true,"href":"https:\/\/lavereda.com.mx\/index.php\/wp-json\/wp\/v2\/comments?post=6692"}],"version-history":[{"count":3,"href":"https:\/\/lavereda.com.mx\/index.php\/wp-json\/wp\/v2\/posts\/6692\/revisions"}],"predecessor-version":[{"id":6698,"href":"https:\/\/lavereda.com.mx\/index.php\/wp-json\/wp\/v2\/posts\/6692\/revisions\/6698"}],"wp:featuredmedia":[{"embeddable":true,"href":"https:\/\/lavereda.com.mx\/index.php\/wp-json\/wp\/v2\/media\/6693"}],"wp:attachment":[{"href":"https:\/\/lavereda.com.mx\/index.php\/wp-json\/wp\/v2\/media?parent=6692"}],"wp:term":[{"taxonomy":"category","embeddable":true,"href":"https:\/\/lavereda.com.mx\/index.php\/wp-json\/wp\/v2\/categories?post=6692"},{"taxonomy":"post_tag","embeddable":true,"href":"https:\/\/lavereda.com.mx\/index.php\/wp-json\/wp\/v2\/tags?post=6692"}],"curies":[{"name":"wp","href":"https:\/\/api.w.org\/{rel}","templated":true}]}}