{"id":6681,"date":"2025-04-23T01:39:32","date_gmt":"2025-04-23T01:39:32","guid":{"rendered":"https:\/\/lavereda.com.mx\/?p=6681"},"modified":"2025-04-23T01:39:32","modified_gmt":"2025-04-23T01:39:32","slug":"fani-garbanzo-una-obra-teatral-para-las-infancias-y-adolescencias","status":"publish","type":"post","link":"https:\/\/lavereda.com.mx\/index.php\/2025\/04\/23\/fani-garbanzo-una-obra-teatral-para-las-infancias-y-adolescencias\/","title":{"rendered":"Fani garbanzo: una obra teatral para las infancias y adolescencias"},"content":{"rendered":"\n<p>Una puesta en escena dirigida a la infancia y a la adolescencia y que no subestima la realidad en la que vive la juventud, muchas veces en ambientes hostiles, es \u201cFani garbanzo contra la humanidad\u201d, cuyo estreno se prepara para este 2 de mayo en el Teatro Nazas.<\/p>\n\n\n\n<p>La joven compa\u00f1\u00eda teatral \u201cLumina escena contempor\u00e1nea\u201d, ha nacido con el deseo de contar historias desde un lugar seguro donde poder explorar sus propios discursos, en esta ocasi\u00f3n nos adentran en una historia que busca despertar una reflexi\u00f3n en una sociedad que normaliza la violencia a temprana edad.<\/p>\n\n\n\n<p>En rueda de prensa, las organizadoras compartieron que a trav\u00e9s de este tipo de montajes \u201cpensamos que podemos construir otras de formas de vida para la infancia y la adolescencia\u201d.<\/p>\n\n\n\n<figure class=\"wp-block-image size-large is-resized\"><img fetchpriority=\"high\" decoding=\"async\" width=\"1024\" height=\"768\" src=\"https:\/\/lavereda.com.mx\/wp-content\/uploads\/2025\/04\/WhatsApp-Image-2025-04-22-at-7.33.25-PM-1024x768.jpeg\" alt=\"\" class=\"wp-image-6683\" style=\"width:466px;height:auto\" srcset=\"https:\/\/lavereda.com.mx\/wp-content\/uploads\/2025\/04\/WhatsApp-Image-2025-04-22-at-7.33.25-PM-1024x768.jpeg 1024w, https:\/\/lavereda.com.mx\/wp-content\/uploads\/2025\/04\/WhatsApp-Image-2025-04-22-at-7.33.25-PM-300x225.jpeg 300w, https:\/\/lavereda.com.mx\/wp-content\/uploads\/2025\/04\/WhatsApp-Image-2025-04-22-at-7.33.25-PM-768x576.jpeg 768w, https:\/\/lavereda.com.mx\/wp-content\/uploads\/2025\/04\/WhatsApp-Image-2025-04-22-at-7.33.25-PM.jpeg 1100w\" sizes=\"(max-width: 1024px) 100vw, 1024px\" \/><\/figure>\n\n\n\n<p><\/p>\n\n\n\n<h3 class=\"wp-block-heading\"><strong>\u00bfDe qu\u00e9 trata esta obra?<\/strong><\/h3>\n\n\n\n<p>&nbsp;Fani Garbanzo observa un mundo que la mayor\u00eda prefiere no mirar. Mientras los adultos callan lo que duele y castigan lo que no entienden, ella se refugia en un universo propio, que solo tienen sentido para ella.<\/p>\n\n\n\n<p>Pero su mundo fant\u00e1stico no la protege del ruido exterior \u2014ni de s\u00ed misma\u2014. La llegada de Tlacu, un ser tan extra\u00f1o como l\u00facido, sacude su l\u00f3gica y la empuja a cuestionar lo que siempre ha dado por hecho.<\/p>\n\n\n\n<p>Entre lo absurdo y lo real, Fani se atreve a mirar de frente aquello que tanto miedo da nombrar. Esta es la historia de una ni\u00f1a que no se adapta, que insiste en sentir, en imaginar, en cuidar. Una historia que nos recuerda que no todo est\u00e1 perdido\u2026 que a\u00fan hay otras formas de vivir, de vincularnos, de so\u00f1ar lo que vendr\u00e1.<\/p>\n\n\n\n<p>El montaje cuenta con la direcci\u00f3n Liliana Enr\u00edquez y Gisela P\u00e9rez Luna, la dramaturgia y producci\u00f3n general de Daniela Baranda.<\/p>\n\n\n\n<p>Los puntos de venta de boletos ser\u00e1n en la taquilla del Teatro Nazas y en las redes sociales de Lumina Escena Contempor\u00e1nea. La funci\u00f3n ser\u00e1 a las 18:00 horas y, debido al gusto por el Anime de sus personajes, se invita al p\u00fablico a asistir con este estilo.<\/p>\n","protected":false},"excerpt":{"rendered":"<p>Una puesta en escena dirigida a la infancia y a la adolescencia y que no subestima la realidad en la que vive la juventud, muchas veces en ambientes hostiles, es &hellip; <a href=\"https:\/\/lavereda.com.mx\/index.php\/2025\/04\/23\/fani-garbanzo-una-obra-teatral-para-las-infancias-y-adolescencias\/\" class=\"more-link\">Leer m\u00e1s<\/a><\/p>\n","protected":false},"author":9,"featured_media":6684,"comment_status":"open","ping_status":"open","sticky":false,"template":"","format":"standard","meta":{"footnotes":""},"categories":[2,18],"tags":[],"class_list":["post-6681","post","type-post","status-publish","format-standard","has-post-thumbnail","hentry","category-artes-escenicas","category-lomasrelevante","entry"],"_links":{"self":[{"href":"https:\/\/lavereda.com.mx\/index.php\/wp-json\/wp\/v2\/posts\/6681","targetHints":{"allow":["GET"]}}],"collection":[{"href":"https:\/\/lavereda.com.mx\/index.php\/wp-json\/wp\/v2\/posts"}],"about":[{"href":"https:\/\/lavereda.com.mx\/index.php\/wp-json\/wp\/v2\/types\/post"}],"author":[{"embeddable":true,"href":"https:\/\/lavereda.com.mx\/index.php\/wp-json\/wp\/v2\/users\/9"}],"replies":[{"embeddable":true,"href":"https:\/\/lavereda.com.mx\/index.php\/wp-json\/wp\/v2\/comments?post=6681"}],"version-history":[{"count":2,"href":"https:\/\/lavereda.com.mx\/index.php\/wp-json\/wp\/v2\/posts\/6681\/revisions"}],"predecessor-version":[{"id":6685,"href":"https:\/\/lavereda.com.mx\/index.php\/wp-json\/wp\/v2\/posts\/6681\/revisions\/6685"}],"wp:featuredmedia":[{"embeddable":true,"href":"https:\/\/lavereda.com.mx\/index.php\/wp-json\/wp\/v2\/media\/6684"}],"wp:attachment":[{"href":"https:\/\/lavereda.com.mx\/index.php\/wp-json\/wp\/v2\/media?parent=6681"}],"wp:term":[{"taxonomy":"category","embeddable":true,"href":"https:\/\/lavereda.com.mx\/index.php\/wp-json\/wp\/v2\/categories?post=6681"},{"taxonomy":"post_tag","embeddable":true,"href":"https:\/\/lavereda.com.mx\/index.php\/wp-json\/wp\/v2\/tags?post=6681"}],"curies":[{"name":"wp","href":"https:\/\/api.w.org\/{rel}","templated":true}]}}