{"id":6670,"date":"2025-04-18T00:40:42","date_gmt":"2025-04-18T00:40:42","guid":{"rendered":"https:\/\/lavereda.com.mx\/?p=6670"},"modified":"2025-04-18T15:35:07","modified_gmt":"2025-04-18T15:35:07","slug":"que-puedes-hacer-en-semana-santa-en-la-laguna","status":"publish","type":"post","link":"https:\/\/lavereda.com.mx\/index.php\/2025\/04\/18\/que-puedes-hacer-en-semana-santa-en-la-laguna\/","title":{"rendered":"\u00bfQu\u00e9 puedes hacer en Semana Santa en La Laguna?"},"content":{"rendered":"\n<p>Lugares como el <strong>Parque Raymundo <\/strong>y el <strong>Ca\u00f1\u00f3n de Fern\u00e1ndez<\/strong>, as\u00ed como el <strong>Telef\u00e9rico de Torre\u00f3n<\/strong>, son ampliamente visitados durante la <strong>Semana Santa<\/strong>.<\/p>\n\n\n\n<p>Pero \u00bfqu\u00e9 otros sitios tur\u00edsticos y ecol\u00f3gicos visitan los laguneros en estas vacaciones?<\/p>\n\n\n\n<p>Otro lugar concurrido es la <strong>Presa Francisco Zarco<\/strong> en Lerdo, Durango, donde podr\u00e1s degustar pescado frito y mariscos diversos.&nbsp;<\/p>\n\n\n\n<p>A pocas horas de Torre\u00f3n se encuentra <strong>Parras <\/strong>y <strong>Cuatroci\u00e9negas<\/strong> en el estado de Coahuila, pueblos m\u00e1gicos que son visitados por laguneros y residentes de otras entidades.&nbsp;<\/p>\n\n\n\n<figure class=\"wp-block-image size-full is-resized\"><img fetchpriority=\"high\" decoding=\"async\" width=\"800\" height=\"439\" src=\"https:\/\/lavereda.com.mx\/wp-content\/uploads\/2025\/04\/2847195132_09c4176dce_c.jpg\" alt=\"\" class=\"wp-image-6672\" style=\"width:554px;height:auto\" srcset=\"https:\/\/lavereda.com.mx\/wp-content\/uploads\/2025\/04\/2847195132_09c4176dce_c.jpg 800w, https:\/\/lavereda.com.mx\/wp-content\/uploads\/2025\/04\/2847195132_09c4176dce_c-300x165.jpg 300w, https:\/\/lavereda.com.mx\/wp-content\/uploads\/2025\/04\/2847195132_09c4176dce_c-768x421.jpg 768w\" sizes=\"(max-width: 800px) 100vw, 800px\" \/><\/figure>\n\n\n\n<p><em>Parque Raymundo.<\/em><\/p>\n\n\n\n<p><\/p>\n\n\n\n<p>De contar con un presupuesto m\u00e1s corto, puedes acudir a parajes como <strong>Puentes cuates<\/strong>, Seis de enero, entre otros espacios donde no gastar\u00e1s fuertes cantidades de dinero.<\/p>\n\n\n\n<p>El cerro de las Noas es un espacio que brinda una panor\u00e1mica inigualable de la ciudad.&nbsp;<\/p>\n\n\n\n<p>Este viernes Santo ser\u00e1 el d\u00eda con m\u00e1s visitantes en el a\u00f1o el Telef\u00e9rico Torre\u00f3n, por lo que desde las 6 de la ma\u00f1ana abrir\u00e1 sus puertas. Se espera la visita de cerca de 70 mil personas.<\/p>\n\n\n\n<h3 class=\"wp-block-heading\">Museos<\/h3>\n\n\n\n<p>Este fin de semana santo los museos de Torre\u00f3n se mantendr\u00e1n abiertos en horario normal, desde las 10:00 am.<\/p>\n\n\n\n<p>En el Museo Arocena se encuentran las exposiciones de arte contempor\u00e1neo: \u00abChucho Reyes, lo popular del color\u00bb hasta el pr\u00f3ximo 27 de abril y \u00abVersus\u00bb, con la obra de Agust\u00edn Castro y Agust\u00edn Portillo, recientemente inaugurada.<\/p>\n\n\n\n<p>Los museos municipales: Casa del Cerro, Museo del Ferrocarril y Canal de la Perla, abrir\u00e1n de 10:00 a 17:00 horas.<\/p>\n","protected":false},"excerpt":{"rendered":"<p>Lugares como el Parque Raymundo y el Ca\u00f1\u00f3n de Fern\u00e1ndez, as\u00ed como el Telef\u00e9rico de Torre\u00f3n, son ampliamente visitados durante la Semana Santa. Pero \u00bfqu\u00e9 otros sitios tur\u00edsticos y ecol\u00f3gicos &hellip; <a href=\"https:\/\/lavereda.com.mx\/index.php\/2025\/04\/18\/que-puedes-hacer-en-semana-santa-en-la-laguna\/\" class=\"more-link\">Leer m\u00e1s<\/a><\/p>\n","protected":false},"author":9,"featured_media":6671,"comment_status":"open","ping_status":"open","sticky":false,"template":"","format":"standard","meta":{"footnotes":""},"categories":[7,18,8],"tags":[228],"class_list":["post-6670","post","type-post","status-publish","format-standard","has-post-thumbnail","hentry","category-entretenimiento","category-lomasrelevante","category-sociedad","tag-semana-santa","entry"],"_links":{"self":[{"href":"https:\/\/lavereda.com.mx\/index.php\/wp-json\/wp\/v2\/posts\/6670","targetHints":{"allow":["GET"]}}],"collection":[{"href":"https:\/\/lavereda.com.mx\/index.php\/wp-json\/wp\/v2\/posts"}],"about":[{"href":"https:\/\/lavereda.com.mx\/index.php\/wp-json\/wp\/v2\/types\/post"}],"author":[{"embeddable":true,"href":"https:\/\/lavereda.com.mx\/index.php\/wp-json\/wp\/v2\/users\/9"}],"replies":[{"embeddable":true,"href":"https:\/\/lavereda.com.mx\/index.php\/wp-json\/wp\/v2\/comments?post=6670"}],"version-history":[{"count":3,"href":"https:\/\/lavereda.com.mx\/index.php\/wp-json\/wp\/v2\/posts\/6670\/revisions"}],"predecessor-version":[{"id":6676,"href":"https:\/\/lavereda.com.mx\/index.php\/wp-json\/wp\/v2\/posts\/6670\/revisions\/6676"}],"wp:featuredmedia":[{"embeddable":true,"href":"https:\/\/lavereda.com.mx\/index.php\/wp-json\/wp\/v2\/media\/6671"}],"wp:attachment":[{"href":"https:\/\/lavereda.com.mx\/index.php\/wp-json\/wp\/v2\/media?parent=6670"}],"wp:term":[{"taxonomy":"category","embeddable":true,"href":"https:\/\/lavereda.com.mx\/index.php\/wp-json\/wp\/v2\/categories?post=6670"},{"taxonomy":"post_tag","embeddable":true,"href":"https:\/\/lavereda.com.mx\/index.php\/wp-json\/wp\/v2\/tags?post=6670"}],"curies":[{"name":"wp","href":"https:\/\/api.w.org\/{rel}","templated":true}]}}