{"id":6667,"date":"2025-04-14T02:16:07","date_gmt":"2025-04-14T02:16:07","guid":{"rendered":"https:\/\/lavereda.com.mx\/?p=6667"},"modified":"2025-04-14T02:16:07","modified_gmt":"2025-04-14T02:16:07","slug":"muere-a-los-89-anos-el-escritor-mario-vargas-llosa","status":"publish","type":"post","link":"https:\/\/lavereda.com.mx\/index.php\/2025\/04\/14\/muere-a-los-89-anos-el-escritor-mario-vargas-llosa\/","title":{"rendered":"Muere a los 89 a\u00f1os el escritor Mario Vargas Llosa"},"content":{"rendered":"\n<p>Este domingo ha fallecido el novelista peruano Mario Vargas Llosa a los 89 a\u00f1os, uno de los escritores m\u00e1s importantes de la literatura en lengua hispana y de la literatura universal, en 2010 gan\u00f3 el Premio Nobel, fue autor de obras esenciales como \u201cConversaci\u00f3n en La Catedral\u201d,&nbsp;\u201cLa ciudad y los perros\u201d&nbsp;o&nbsp;\u201cLa fiesta del Chivo\u201d<em>.<\/em><\/p>\n\n\n\n<p>Diversas instituciones y personajes del \u00e1mbito de la cultura mundial y las letras se sumaron las condolencias ante la noticia.<\/p>\n\n\n\n<p>La Secretar\u00eda de Cultura del Gobierno de M\u00e9xico lament\u00f3 en twitter el sensible fallecimiento del novelista, cuentista, ensayista y pol\u00edtico peruano: \u201cAutor de obras&nbsp;seminales de la literatura latinoamericana del siglo XX como \u201cLa t\u00eda Julia y el escribidor\u00bb, \u00abPantale\u00f3n y las visitadoras\u00bb, \u00abLa guerra del fin del mundo\u00bb y \u00abLa verdad de las mentiras\u00bb, Vargas Llosa fue galardonado con los premios Cervantes, Pr\u00edncipe de Asturias de las Letras, Biblioteca Breve, el Premio Nacional de Novela del Per\u00fa, el R\u00f3mulo Gallegos y el Nobel de Literatura 2010, entre otros. Descanse en paz\u201d.<\/p>\n\n\n\n<p>Asimismo, \u201cla presidenta Dina Ercilia Boluarte Zegarra, y el Gobierno del Per\u00fa lamentaron profundamente el fallecimiento de Mario Vargas Llosa, escritor universal e insigne Premio Nobel de Literatura. Su genio intelectual y su vast\u00edsima obra permanecer\u00e1n como legado imperecedero para las futuras generaciones. Expresamos nuestras m\u00e1s sentidas condolencias a su familia, amigos y al mundo de las letras. Descansa en paz, ilustre peruano de todos los tiempos\u201d, expres\u00f3 el comunicado en twitter.<\/p>\n\n\n\n<p>Nacido en la sure\u00f1a ciudad peruana de\u00a0Arequipa el 28 de marzo de 1936\u00a0en una familia de clase media,\u00a0Mario Vargas Llosa<strong>\u00a0<\/strong>fue educado por su madre y sus abuelos maternos en Cochabamba (Bolivia) y luego en Per\u00fa.\u00a0<\/p>\n\n\n\n<p>Su larga carrera literaria\u00a0despunt\u00f3 en 1959<strong>,<\/strong>\u00a0cuando public\u00f3 su primer libro de relatos; \u201cLos jefes\u201d, con el que obtuvo el\u00a0<strong>Premio Leopoldo Alas.<\/strong> Pero cobr\u00f3 notoriedad con la publicaci\u00f3n de la novela\u00a0\u201cLa ciudad y los perros\u201d, en 1963, seguida tres a\u00f1os despu\u00e9s por\u00a0\u201cLa casa verde\u201d. Su prestigio se consolid\u00f3 con su novela\u00a0<strong>\u201cConversaci\u00f3n en la Catedral\u201d\u00a0<\/strong>(1969).<\/p>\n\n\n\n<p>Fuente: Agencias.<\/p>\n","protected":false},"excerpt":{"rendered":"<p>Este domingo ha fallecido el novelista peruano Mario Vargas Llosa a los 89 a\u00f1os, uno de los escritores m\u00e1s importantes de la literatura en lengua hispana y de la literatura &hellip; <a href=\"https:\/\/lavereda.com.mx\/index.php\/2025\/04\/14\/muere-a-los-89-anos-el-escritor-mario-vargas-llosa\/\" class=\"more-link\">Leer m\u00e1s<\/a><\/p>\n","protected":false},"author":9,"featured_media":6668,"comment_status":"open","ping_status":"open","sticky":false,"template":"","format":"standard","meta":{"footnotes":""},"categories":[5,18],"tags":[232],"class_list":["post-6667","post","type-post","status-publish","format-standard","has-post-thumbnail","hentry","category-letras-y-libros","category-lomasrelevante","tag-mario-vargas-llosa","entry"],"_links":{"self":[{"href":"https:\/\/lavereda.com.mx\/index.php\/wp-json\/wp\/v2\/posts\/6667","targetHints":{"allow":["GET"]}}],"collection":[{"href":"https:\/\/lavereda.com.mx\/index.php\/wp-json\/wp\/v2\/posts"}],"about":[{"href":"https:\/\/lavereda.com.mx\/index.php\/wp-json\/wp\/v2\/types\/post"}],"author":[{"embeddable":true,"href":"https:\/\/lavereda.com.mx\/index.php\/wp-json\/wp\/v2\/users\/9"}],"replies":[{"embeddable":true,"href":"https:\/\/lavereda.com.mx\/index.php\/wp-json\/wp\/v2\/comments?post=6667"}],"version-history":[{"count":1,"href":"https:\/\/lavereda.com.mx\/index.php\/wp-json\/wp\/v2\/posts\/6667\/revisions"}],"predecessor-version":[{"id":6669,"href":"https:\/\/lavereda.com.mx\/index.php\/wp-json\/wp\/v2\/posts\/6667\/revisions\/6669"}],"wp:featuredmedia":[{"embeddable":true,"href":"https:\/\/lavereda.com.mx\/index.php\/wp-json\/wp\/v2\/media\/6668"}],"wp:attachment":[{"href":"https:\/\/lavereda.com.mx\/index.php\/wp-json\/wp\/v2\/media?parent=6667"}],"wp:term":[{"taxonomy":"category","embeddable":true,"href":"https:\/\/lavereda.com.mx\/index.php\/wp-json\/wp\/v2\/categories?post=6667"},{"taxonomy":"post_tag","embeddable":true,"href":"https:\/\/lavereda.com.mx\/index.php\/wp-json\/wp\/v2\/tags?post=6667"}],"curies":[{"name":"wp","href":"https:\/\/api.w.org\/{rel}","templated":true}]}}