{"id":6662,"date":"2025-04-12T22:42:41","date_gmt":"2025-04-12T22:42:41","guid":{"rendered":"https:\/\/lavereda.com.mx\/?p=6662"},"modified":"2025-04-12T22:44:38","modified_gmt":"2025-04-12T22:44:38","slug":"la-voz-de-la-tierra-roja-humor-y-critica-hacia-el-patriarcado","status":"publish","type":"post","link":"https:\/\/lavereda.com.mx\/index.php\/2025\/04\/12\/la-voz-de-la-tierra-roja-humor-y-critica-hacia-el-patriarcado\/","title":{"rendered":"La voz de la tierra roja: humor y cr\u00edtica hacia el patriarcado"},"content":{"rendered":"\n<p class=\"has-text-align-right has-medium-font-size\"><em>\u201cLa honra es una carga que se lleva entre todos\u201d<br>(Yerma. F. Garc\u00eda Lorca)<\/em><\/p>\n\n\n\n<p>1<\/p>\n\n\n\n<p>En&nbsp;&nbsp;\u201cLa voz de la tierra roja\u201d&nbsp;&nbsp;las&nbsp;&nbsp;chismosas tambi\u00e9n hacen comunidad, Cacho es la m\u00e1s activa en esa afici\u00f3n, con su mirada vigilante y entrometida, padece, como todas y todos sus coet\u00e1neos, el rol que le ha sido impuesto por su grupo a saber, exigir de todos sus individuos el respeto a las normas y principios que sostienen la estructura en la que les toc\u00f3 nacer,&nbsp;&nbsp;sostienen lo que podr\u00edamos llamar&nbsp;&nbsp;\u00a8la honra\u00a8.&nbsp;&nbsp;&nbsp;Si a Cacho la vi\u00e9ramos con benignidad y no con desaprobaci\u00f3n, nos dar\u00edamos cuenta que est\u00e1 atrapada en la misma demarcaci\u00f3n de significados que&nbsp;&nbsp;el resto de los personajes, a quienes parece oprimir.<\/p>\n\n\n\n<p>Patricia, la protagonista, hija ileg\u00edtima de un hombre que probablemente era el cacique del poblado y&nbsp;&nbsp;ten\u00eda hijos e hijas como quien tiene geranios,&nbsp;&nbsp;y de una mujer muerta ya seguramente de tristeza y olvido;&nbsp;&nbsp;Patricia&nbsp;&nbsp;realiza un&nbsp;&nbsp;acto magn\u00edfico, busca escapar de la red que la sujeta, y quiere vivir bajo un \u00e1rbol, cl\u00e1sica imagen del cobijo, y muy cerca de la tierra roja, la tierra madre; quiere escuchar su voz dulc\u00edsima y dejar de aturdirse con el ruido insultante de los suyos.&nbsp;&nbsp;El acto es magn\u00edfico porque busca abandonarse a sus propias posibilidades, aunque de momento tenga que robar algunas posesiones&nbsp;&nbsp;de sus vecinos y vivir fuera del pueblo.<\/p>\n\n\n\n<p>La historia es de Ignacio Garibaldy, Nacho para los amigos y guerrillero como aquel italiano c\u00e9lebre del siglo XIX. Gan\u00f3 el prestigioso Premio Nacional de Bellas Artes Perla Szuchmacher.&nbsp;&nbsp;Guerrillero es tambi\u00e9n su gesto de exhibir las exclusiones que seguimos ejerciendo ante cualquier pr\u00f3fugo del entramado simb\u00f3lico del patriarcado. Nos exhibe a todos y todas siendo como la chismosa del pueblo, erigi\u00e9ndonos en baluartes de una supuesta forma ideal de ser humanos y arrebat\u00e1ndole tranquilamente esa dignidad a cualquiera que se diferencie.<\/p>\n\n\n\n<p>El montaje de la compa\u00f1\u00eda Luci\u00e9rnaga Teatro estuvo en una temporada recientemente en el Teatro Garibay, bajo la direcci\u00f3n de Karina Carrasco.<\/p>\n\n\n\n<p>2<\/p>\n\n\n\n<p>\u201c\u00a1Hay que cantar<\/p>\n\n\n\n<p>&nbsp;&nbsp;cuando el hombre nos trae<\/p>\n\n\n\n<p>&nbsp;&nbsp;la corona y el pan!\u201d<\/p>\n\n\n\n<p>\u201cYerma\u201d&nbsp;fue escrita en 1934 y en ella se percibe la misma denuncia que en la historia que nos ocupa, la del machismo imperante y el papel de la mujer como pertenencia y al servicio del poder masculino.&nbsp;&nbsp;El verso aparece en la escena de las lavanderas, como las de \u201cLa voz de la tierra roja\u201d.&nbsp;&nbsp;Casi un siglo despu\u00e9s, ese papel no ha cambiado mucho y cuanto m\u00e1s sea rural sea el ambiente, a\u00fan menos.<\/p>\n\n\n\n<p>\u201cLa corona y el pan\u201d<\/p>\n\n\n\n<p>La validaci\u00f3n y el sustento es lo que las mujeres del pueblo esperaban y esto provendr\u00eda de un hombre que las seleccionara cual ejemplar de ganado.&nbsp;&nbsp;Con una frase burda y prosaica \u201cya se le desarroll\u00f3 el cuerpo\u201d, cualquier representante del g\u00e9nero masculino estar\u00eda en completo derecho de llevar a su casa a quien se encargue de las tareas del hogar y de la cama.<\/p>\n\n\n\n<p>Patricia desafi\u00f3 ese mandato y con dificultad logr\u00f3 esquivarlo.&nbsp;&nbsp;L\u00e1zaro, el pretendiente de la hermana, es el encargado de preservar la ley y vi\u00e9ndolo juguetear, casi tierno, no nos lo parece, pero s\u00ed, como a todos los de su estirpe le cae encima sin deberlo, y&nbsp;&nbsp;desde luego sin temerlo, la tarea y el privilegio de hacer funcionar el mecanismo.&nbsp;&nbsp;&nbsp;Patricia y, un poco despu\u00e9s su hermana, Dolores, buscan conservar las coherencias del mundo natural y fluido de la tierra, de sus ritmos y confiar en ellos;&nbsp;&nbsp;en cambio, la comunidad de hombres y mujeres patriarcales busca conservar precisamente lo contrario: las incoherencias, lo reglado arbitrariamente, la dominaci\u00f3n, la lucha por obtener trofeos de reconocimiento y estatus frente a sus iguales.&nbsp;&nbsp;<\/p>\n\n\n\n<p>La violencia y la discriminaci\u00f3n funcionan como dispositivos para perpetuar esa reglamentaci\u00f3n y, aunque llenos de humor, los personajes se trenzan en un conflicto que el macho de la horda pretende resolver con un recurso hilarante y simb\u00f3lico: el olor a hombre. L\u00e1zaro anestesia a las mujeres haci\u00e9ndoles aspirar el aroma acerbo de sus axilas.<\/p>\n\n\n\n<p>Luego lo inhalar\u00e1 \u00e9l mismo y sus compinches que pretenden impedir la huida de las hermanas hacia otras conversaciones,&nbsp;&nbsp;otras comunidades menos opresivas;&nbsp;&nbsp;no sabemos si lo logran&nbsp;&nbsp;pero son despedidas con las palabras de su propia madre, ya muerta y seguramente explotada como el resto de las mujeres del colectivo, ahora colocadas en las bocas de sus captores gracias a un&nbsp;&nbsp;\u00faltimo recurso liberador: rociarles fragmentos de la tierra roja sobre sus cuerpos vencidos por el olor y ahora despabilados con un nuevo discurso, respetuoso y amable.<\/p>\n\n\n\n<p>El drama que la historia revela puede ser, si no nos damos cuenta, minimizado por el tono jocoso de la puesta en escena; podemos creer que la nostalgia por la madre ausente es lo m\u00e1s significativo de la historia y perder de vista lo grave de la devaluaci\u00f3n normalizada hacia la mujer&nbsp;&nbsp;en la cotidianidad.<\/p>\n\n\n\n<p>El reparto, jovial y chispeante, con sinergias&nbsp;&nbsp;frescas y potentes; el teatrillo de sombras, oportuno; el uso del espacio, la luz y la m\u00fasica, ampliamente mejorables.&nbsp;&nbsp;La po\u00e9tica total del montaje logra empatizar hasta lo entra\u00f1able.<\/p>\n\n\n\n<p><em>Foto: cortes\u00eda Luci\u00e9rnaga Teatro.<\/em><\/p>\n\n\n\n<p><\/p>\n","protected":false},"excerpt":{"rendered":"<p>\u201cLa honra es una carga que se lleva entre todos\u201d(Yerma. F. Garc\u00eda Lorca) 1 En&nbsp;&nbsp;\u201cLa voz de la tierra roja\u201d&nbsp;&nbsp;las&nbsp;&nbsp;chismosas tambi\u00e9n hacen comunidad, Cacho es la m\u00e1s activa en esa &hellip; <a href=\"https:\/\/lavereda.com.mx\/index.php\/2025\/04\/12\/la-voz-de-la-tierra-roja-humor-y-critica-hacia-el-patriarcado\/\" class=\"more-link\">Leer m\u00e1s<\/a><\/p>\n","protected":false},"author":24,"featured_media":6663,"comment_status":"open","ping_status":"open","sticky":false,"template":"","format":"standard","meta":{"footnotes":""},"categories":[2,18],"tags":[36,231,33],"class_list":["post-6662","post","type-post","status-publish","format-standard","has-post-thumbnail","hentry","category-artes-escenicas","category-lomasrelevante","tag-teatro","tag-teatro-garibay","tag-torreon-2","entry"],"_links":{"self":[{"href":"https:\/\/lavereda.com.mx\/index.php\/wp-json\/wp\/v2\/posts\/6662","targetHints":{"allow":["GET"]}}],"collection":[{"href":"https:\/\/lavereda.com.mx\/index.php\/wp-json\/wp\/v2\/posts"}],"about":[{"href":"https:\/\/lavereda.com.mx\/index.php\/wp-json\/wp\/v2\/types\/post"}],"author":[{"embeddable":true,"href":"https:\/\/lavereda.com.mx\/index.php\/wp-json\/wp\/v2\/users\/24"}],"replies":[{"embeddable":true,"href":"https:\/\/lavereda.com.mx\/index.php\/wp-json\/wp\/v2\/comments?post=6662"}],"version-history":[{"count":3,"href":"https:\/\/lavereda.com.mx\/index.php\/wp-json\/wp\/v2\/posts\/6662\/revisions"}],"predecessor-version":[{"id":6666,"href":"https:\/\/lavereda.com.mx\/index.php\/wp-json\/wp\/v2\/posts\/6662\/revisions\/6666"}],"wp:featuredmedia":[{"embeddable":true,"href":"https:\/\/lavereda.com.mx\/index.php\/wp-json\/wp\/v2\/media\/6663"}],"wp:attachment":[{"href":"https:\/\/lavereda.com.mx\/index.php\/wp-json\/wp\/v2\/media?parent=6662"}],"wp:term":[{"taxonomy":"category","embeddable":true,"href":"https:\/\/lavereda.com.mx\/index.php\/wp-json\/wp\/v2\/categories?post=6662"},{"taxonomy":"post_tag","embeddable":true,"href":"https:\/\/lavereda.com.mx\/index.php\/wp-json\/wp\/v2\/tags?post=6662"}],"curies":[{"name":"wp","href":"https:\/\/api.w.org\/{rel}","templated":true}]}}