{"id":6659,"date":"2025-04-11T19:43:13","date_gmt":"2025-04-11T19:43:13","guid":{"rendered":"https:\/\/lavereda.com.mx\/?p=6659"},"modified":"2025-04-11T19:43:14","modified_gmt":"2025-04-11T19:43:14","slug":"viesca-revivira-la-procesion-del-silencio","status":"publish","type":"post","link":"https:\/\/lavereda.com.mx\/index.php\/2025\/04\/11\/viesca-revivira-la-procesion-del-silencio\/","title":{"rendered":"Viesca revivir\u00e1 la Procesi\u00f3n del Silencio"},"content":{"rendered":"\n<p>El pueblo m\u00e1gico de Viesca, volver\u00e1 a ser escenario de la Procesi\u00f3n Silencio, una de las expresiones m\u00e1s emblem\u00e1ticas de la Semana Santa en Coahuila, en su d\u00e9cima edici\u00f3n.<\/p>\n\n\n\n<p>La Secretar\u00eda de Cultura inform\u00f3 que se espera la asistencia de 7 mil 500 visitantes el pr\u00f3ximo viernes 18 de abril, quienes se reunir\u00e1n en este pueblo m\u00e1gico para participar en la solemne caminata que dar\u00e1 inicio a las 19:00 horas en la Parroquia de Santiago Ap\u00f3stol, la cual celebra 150 a\u00f1os de su fundaci\u00f3n.<\/p>\n\n\n\n<p>El Gobierno del Estado, en coordinaci\u00f3n con los municipios de Francisco I Madero, Matamoros, San Pedro, Torre\u00f3n, Parras y Saltillo ofrecer\u00e1n transporte gratuito en autobuses para facilitar la llegada de los asistentes y en el caso de La Laguna, los interesados en un lugar pueden comunicarse al tel\u00e9fono: 871- 108 -84 -31.<\/p>\n\n\n\n<p>La Procesi\u00f3n del Silencio es una de las tradiciones m\u00e1s significativas de la Semana Santa, en la que miles de personas recorren tres kil\u00f3metros en total silencio, acompa\u00f1adas solo por el solemne sonido de tambores y cornetas. Durante la caminata, se portan im\u00e1genes de arte sacro de gran valor hist\u00f3rico, como la de Nuestra Se\u00f1ora de la Soledad, quien protagoniza este acto de profunda reflexi\u00f3n y espiritualidad.<\/p>\n\n\n\n<p>Al finalizar la procesi\u00f3n, los asistentes podr\u00e1n disfrutar de un ensamble de la Camerata de Coahuila, que interpretar\u00e1 un repertorio de m\u00fasica sacra, en armon\u00eda con la solemnidad del evento.<\/p>\n\n\n\n<p>El recorrido contar\u00e1 con la participaci\u00f3n de alrededor de 220 personas, entre mujeres vestidas de negro, rezanderas y cofrad\u00edas, todas guiadas por una Banda de Guerra que marcar\u00e1 el ritmo de esta experiencia \u00fanica.<\/p>\n\n\n\n<p><\/p>\n\n\n\n<p>M\u00e1s all\u00e1 de su significado religioso, este evento impulsa la econom\u00eda local, beneficiando al sector hotelero, gastron\u00f3mico y artesanal. En la edici\u00f3n de 2024, se estim\u00f3 una derrama econ\u00f3mica de cinco millones de pesos, consolidando a Viesca como un destino de turismo cultural en estas fechas, destac\u00f3.<\/p>\n\n\n\n<p>Adem\u00e1s, Jorge V\u00e9lez Sandoval, Alcalde de Viesca, invit\u00f3 a las y los coahuilenses a este significativo evento, \u201cagradezco al Gobernador Manolo Jim\u00e9nez Salinas su entusiasmo porque este evento salga adelante, tendremos a la Camerata de Coahuila, habr\u00e1 estacionamiento suficiente para los visitantes, habr\u00e1 lugares para que puedan acampar y los invitamos a consumir para que no sean cinco millones de derrama econ\u00f3mica sino m\u00e1s\u201d.&nbsp;<\/p>\n\n\n\n<p>La Procesi\u00f3n del Silencio en Viesca no solo mantiene viva una tradici\u00f3n de gran significado, sino que tambi\u00e9n enriquece el patrimonio cultural de Coahuila y de M\u00e9xico.<\/p>\n\n\n\n<p>A esta presentaci\u00f3n ante los medios se dieron cita, tambi\u00e9n, Ruth Idalia Ysa\u00eds Antuna, Coordinadora de Cultura en la Regi\u00f3n Laguna; Ram\u00f3n Shade y Carlos Casta\u00f1\u00f3n Cuadros, de Camerata de Coahuila.<\/p>\n","protected":false},"excerpt":{"rendered":"<p>El pueblo m\u00e1gico de Viesca, volver\u00e1 a ser escenario de la Procesi\u00f3n Silencio, una de las expresiones m\u00e1s emblem\u00e1ticas de la Semana Santa en Coahuila, en su d\u00e9cima edici\u00f3n. La &hellip; <a href=\"https:\/\/lavereda.com.mx\/index.php\/2025\/04\/11\/viesca-revivira-la-procesion-del-silencio\/\" class=\"more-link\">Leer m\u00e1s<\/a><\/p>\n","protected":false},"author":9,"featured_media":6660,"comment_status":"open","ping_status":"open","sticky":false,"template":"","format":"standard","meta":{"footnotes":""},"categories":[11,8],"tags":[94,229,228,230],"class_list":["post-6659","post","type-post","status-publish","format-standard","has-post-thumbnail","hentry","category-agenda","category-sociedad","tag-coahuila","tag-procesion-del-silencio","tag-semana-santa","tag-viesca","entry"],"_links":{"self":[{"href":"https:\/\/lavereda.com.mx\/index.php\/wp-json\/wp\/v2\/posts\/6659","targetHints":{"allow":["GET"]}}],"collection":[{"href":"https:\/\/lavereda.com.mx\/index.php\/wp-json\/wp\/v2\/posts"}],"about":[{"href":"https:\/\/lavereda.com.mx\/index.php\/wp-json\/wp\/v2\/types\/post"}],"author":[{"embeddable":true,"href":"https:\/\/lavereda.com.mx\/index.php\/wp-json\/wp\/v2\/users\/9"}],"replies":[{"embeddable":true,"href":"https:\/\/lavereda.com.mx\/index.php\/wp-json\/wp\/v2\/comments?post=6659"}],"version-history":[{"count":1,"href":"https:\/\/lavereda.com.mx\/index.php\/wp-json\/wp\/v2\/posts\/6659\/revisions"}],"predecessor-version":[{"id":6661,"href":"https:\/\/lavereda.com.mx\/index.php\/wp-json\/wp\/v2\/posts\/6659\/revisions\/6661"}],"wp:featuredmedia":[{"embeddable":true,"href":"https:\/\/lavereda.com.mx\/index.php\/wp-json\/wp\/v2\/media\/6660"}],"wp:attachment":[{"href":"https:\/\/lavereda.com.mx\/index.php\/wp-json\/wp\/v2\/media?parent=6659"}],"wp:term":[{"taxonomy":"category","embeddable":true,"href":"https:\/\/lavereda.com.mx\/index.php\/wp-json\/wp\/v2\/categories?post=6659"},{"taxonomy":"post_tag","embeddable":true,"href":"https:\/\/lavereda.com.mx\/index.php\/wp-json\/wp\/v2\/tags?post=6659"}],"curies":[{"name":"wp","href":"https:\/\/api.w.org\/{rel}","templated":true}]}}