{"id":6651,"date":"2025-04-03T02:50:41","date_gmt":"2025-04-03T02:50:41","guid":{"rendered":"https:\/\/lavereda.com.mx\/?p=6651"},"modified":"2025-04-03T02:50:41","modified_gmt":"2025-04-03T02:50:41","slug":"anuncian-la-feria-internacional-del-libro-de-coahuila-2025","status":"publish","type":"post","link":"https:\/\/lavereda.com.mx\/index.php\/2025\/04\/03\/anuncian-la-feria-internacional-del-libro-de-coahuila-2025\/","title":{"rendered":"Anuncian la Feria Internacional del Libro de Coahuila 2025"},"content":{"rendered":"\n<p>En la ciudad de Saltillo fue anunciada la edici\u00f3n 27 de la Feria Internacional del Libro Coahuila \u201cLeer es de Gigantes\u201d, que se celebrar\u00e1 del 30 de abril al 11 de mayo en las instalaciones de la Universidad Aut\u00f3noma de Coahuila, campus Arteaga. El eje tem\u00e1tico ser\u00e1 \u201cInteligencia Artificial y herramientas tecnol\u00f3gicas para las nuevas narrativas\u201d.<\/p>\n\n\n\n<p>En esta edici\u00f3n se realizar\u00e1 un homenaje a la literatura de Argentina, una naci\u00f3n con una rica tradici\u00f3n literaria que permitir\u00e1 explorar su escena literaria actual y su influencia en el pensamiento y la escritura contempor\u00e1nea.\u00a0<\/p>\n\n\n\n<p>La instituci\u00f3n invitada ser\u00e1 el Museo Arocena, un espacio dedicado a la preservaci\u00f3n y difusi\u00f3n del arte y la historia, que se ha consolidado como un pilar cultural en la regi\u00f3n de La Laguna. Se espera una asistencia de m\u00e1s de 140 mil visitantes en este 2025.<\/p>\n\n\n\n<p>Los organizadores dieron a conocer que la Feria Internacional del Libro tambi\u00e9n se desarrollar\u00e1 en la ciudad de Torre\u00f3n. <\/p>\n\n\n\n<p>En el anuncio se cont\u00f3 con la participaci\u00f3n de Esther Quintana Salinas, Secretaria de Cultura; de F\u00e9lix Ibarra Linares, Coordinador General de Difusi\u00f3n y Patrimonio Cultural de la UAdeC y la intervenci\u00f3n en l\u00ednea de Mar\u00eda Gabriela Quinteros, embajadora de la Rep\u00fablica Argentina en M\u00e9xico y de Carlos Nicol\u00e1s Mu\u00f1iz, presidente de la comisi\u00f3n de Ferias de la C\u00e1mara Nacional de la Industria Editorial Mexicana; entre otras personalidades.<\/p>\n\n\n\n<p><\/p>\n","protected":false},"excerpt":{"rendered":"<p>En la ciudad de Saltillo fue anunciada la edici\u00f3n 27 de la Feria Internacional del Libro Coahuila \u201cLeer es de Gigantes\u201d, que se celebrar\u00e1 del 30 de abril al 11 &hellip; <a href=\"https:\/\/lavereda.com.mx\/index.php\/2025\/04\/03\/anuncian-la-feria-internacional-del-libro-de-coahuila-2025\/\" class=\"more-link\">Leer m\u00e1s<\/a><\/p>\n","protected":false},"author":1,"featured_media":6654,"comment_status":"open","ping_status":"open","sticky":false,"template":"","format":"standard","meta":{"footnotes":""},"categories":[5,18],"tags":[227,32],"class_list":["post-6651","post","type-post","status-publish","format-standard","has-post-thumbnail","hentry","category-letras-y-libros","category-lomasrelevante","tag-feria-internacional-del-libro-de-coahuila","tag-literatura","entry"],"_links":{"self":[{"href":"https:\/\/lavereda.com.mx\/index.php\/wp-json\/wp\/v2\/posts\/6651","targetHints":{"allow":["GET"]}}],"collection":[{"href":"https:\/\/lavereda.com.mx\/index.php\/wp-json\/wp\/v2\/posts"}],"about":[{"href":"https:\/\/lavereda.com.mx\/index.php\/wp-json\/wp\/v2\/types\/post"}],"author":[{"embeddable":true,"href":"https:\/\/lavereda.com.mx\/index.php\/wp-json\/wp\/v2\/users\/1"}],"replies":[{"embeddable":true,"href":"https:\/\/lavereda.com.mx\/index.php\/wp-json\/wp\/v2\/comments?post=6651"}],"version-history":[{"count":2,"href":"https:\/\/lavereda.com.mx\/index.php\/wp-json\/wp\/v2\/posts\/6651\/revisions"}],"predecessor-version":[{"id":6655,"href":"https:\/\/lavereda.com.mx\/index.php\/wp-json\/wp\/v2\/posts\/6651\/revisions\/6655"}],"wp:featuredmedia":[{"embeddable":true,"href":"https:\/\/lavereda.com.mx\/index.php\/wp-json\/wp\/v2\/media\/6654"}],"wp:attachment":[{"href":"https:\/\/lavereda.com.mx\/index.php\/wp-json\/wp\/v2\/media?parent=6651"}],"wp:term":[{"taxonomy":"category","embeddable":true,"href":"https:\/\/lavereda.com.mx\/index.php\/wp-json\/wp\/v2\/categories?post=6651"},{"taxonomy":"post_tag","embeddable":true,"href":"https:\/\/lavereda.com.mx\/index.php\/wp-json\/wp\/v2\/tags?post=6651"}],"curies":[{"name":"wp","href":"https:\/\/api.w.org\/{rel}","templated":true}]}}