{"id":664,"date":"2020-09-29T01:10:07","date_gmt":"2020-09-29T01:10:07","guid":{"rendered":"http:\/\/lavereda.com.mx\/?p=664"},"modified":"2020-09-29T01:14:40","modified_gmt":"2020-09-29T01:14:40","slug":"semillas-de-tinta-postales-en-un-libro","status":"publish","type":"post","link":"https:\/\/lavereda.com.mx\/index.php\/2020\/09\/29\/semillas-de-tinta-postales-en-un-libro\/","title":{"rendered":"Semillas de Tinta, postales en un libro"},"content":{"rendered":"\n<p><strong>#DESCARGA #LEE <\/strong><\/p>\n\n\n\n<p>\u00bfSab\u00edas que mujeres y hombres tenemos la misma capacidad de trabajar, hacer lo que nos gusta, limpiar la casa y cuidar a los m\u00e1s peque\u00f1os?<\/p>\n\n\n\n<p>En este libro encontrar\u00e1s postales ilustradas por ni\u00f1as y ni\u00f1os del municipio del Mezquital, en Durango, en las que se reflexiona sobre prejuicios en torno al rol que ni\u00f1as y ni\u00f1os tienen frente a s\u00ed mismos y frente a sus semejantes. Por ejemplo, cuando se dice \u201ca las mujeres les toca cuidar a los ni\u00f1os\u201d o en el caso de los ni\u00f1os, al decir que \u201cellos no lloran\u201d.&nbsp;<\/p>\n\n\n\n<p>El&nbsp;coordinador es Israel Torres Moreno&nbsp;&nbsp;y las&nbsp;ilustraciones de ni\u00f1as y ni\u00f1os del Mezquital, Durango.<\/p>\n\n\n\n<p>A mediados del 2019, con el apoyo de&nbsp;<em>Alas y Ra\u00edces<\/em>&nbsp;de Durango, coordinados por el tallerista y artista gr\u00e1fico Israel Torres, 16 j\u00f3venes del municipio del Mezquital, Durango; se reunieron a imaginar un pa\u00eds donde todos podamos compartir la vida sin importar los roles de g\u00e9nero.<\/p>\n\n\n\n<p>Escribieron frases sobre lo que piensan en espa\u00f1ol y en su lengia&nbsp;<em>o\u00b4dam<\/em>. As\u00ed crearon con tinta, la semilla de otras formas de ser y de pensar.<\/p>\n\n\n\n<p>El libro de postales que tienes en las manos el resultado de estas reflexiones. Cada postal es una semilla que es un regalo para compartir otro mundo posible.<\/p>\n\n\n\n<p>\u00a1Descarga el libro y comp\u00e1rtelo con quien tu quieras!<\/p>\n\n\n\n<p>Cr\u00e9dito: https:\/\/www.alasyraices.gob.mx<\/p>\n\n\n\n<div class=\"wp-block-buttons aligncenter is-layout-flex wp-block-buttons-is-layout-flex\">\n<div class=\"wp-block-button\"><a class=\"wp-block-button__link has-text-color has-background\" href=\"https:\/\/www.alasyraices.gob.mx\/ebooks\/semillasdetinta.pdf\" style=\"border-radius:2px;background-color:#ba0c49;color:#fffffa\">Descargar ahora<\/a><\/div>\n<\/div>\n\n\n\n<p><\/p>\n","protected":false},"excerpt":{"rendered":"<p>#DESCARGA #LEE \u00bfSab\u00edas que mujeres y hombres tenemos la misma capacidad de trabajar, hacer lo que nos gusta, limpiar la casa y cuidar a los m\u00e1s peque\u00f1os? En este libro &hellip; <a href=\"https:\/\/lavereda.com.mx\/index.php\/2020\/09\/29\/semillas-de-tinta-postales-en-un-libro\/\" class=\"more-link\">Leer m\u00e1s<\/a><\/p>\n","protected":false},"author":1,"featured_media":665,"comment_status":"open","ping_status":"open","sticky":false,"template":"","format":"standard","meta":{"footnotes":""},"categories":[10],"tags":[],"class_list":["post-664","post","type-post","status-publish","format-standard","has-post-thumbnail","hentry","category-la-vereda-infantil","entry"],"_links":{"self":[{"href":"https:\/\/lavereda.com.mx\/index.php\/wp-json\/wp\/v2\/posts\/664","targetHints":{"allow":["GET"]}}],"collection":[{"href":"https:\/\/lavereda.com.mx\/index.php\/wp-json\/wp\/v2\/posts"}],"about":[{"href":"https:\/\/lavereda.com.mx\/index.php\/wp-json\/wp\/v2\/types\/post"}],"author":[{"embeddable":true,"href":"https:\/\/lavereda.com.mx\/index.php\/wp-json\/wp\/v2\/users\/1"}],"replies":[{"embeddable":true,"href":"https:\/\/lavereda.com.mx\/index.php\/wp-json\/wp\/v2\/comments?post=664"}],"version-history":[{"count":3,"href":"https:\/\/lavereda.com.mx\/index.php\/wp-json\/wp\/v2\/posts\/664\/revisions"}],"predecessor-version":[{"id":668,"href":"https:\/\/lavereda.com.mx\/index.php\/wp-json\/wp\/v2\/posts\/664\/revisions\/668"}],"wp:featuredmedia":[{"embeddable":true,"href":"https:\/\/lavereda.com.mx\/index.php\/wp-json\/wp\/v2\/media\/665"}],"wp:attachment":[{"href":"https:\/\/lavereda.com.mx\/index.php\/wp-json\/wp\/v2\/media?parent=664"}],"wp:term":[{"taxonomy":"category","embeddable":true,"href":"https:\/\/lavereda.com.mx\/index.php\/wp-json\/wp\/v2\/categories?post=664"},{"taxonomy":"post_tag","embeddable":true,"href":"https:\/\/lavereda.com.mx\/index.php\/wp-json\/wp\/v2\/tags?post=664"}],"curies":[{"name":"wp","href":"https:\/\/api.w.org\/{rel}","templated":true}]}}