{"id":6638,"date":"2025-03-24T02:36:54","date_gmt":"2025-03-24T02:36:54","guid":{"rendered":"https:\/\/lavereda.com.mx\/?p=6638"},"modified":"2025-03-24T02:36:54","modified_gmt":"2025-03-24T02:36:54","slug":"compania-de-danza-del-tec-de-monterrey-presenta-esencia","status":"publish","type":"post","link":"https:\/\/lavereda.com.mx\/index.php\/2025\/03\/24\/compania-de-danza-del-tec-de-monterrey-presenta-esencia\/","title":{"rendered":"Compa\u00f1\u00eda de danza del Tec de Monterrey presenta \u00abEsencia\u00bb"},"content":{"rendered":"\n<p>La compa\u00f1\u00eda de danza del Tecnol\u00f3gico de Monterrey prepara su segundo montaje esc\u00e9nico titulado \u00abEsencia\u00bb, bajo la direcci\u00f3n del maestro Jes\u00fas Garc\u00eda. El estreno de este programa se llevar\u00e1 a cabo el mi\u00e9rcoles 26 de marzo en el Teatro Isauro Mart\u00ednez, a las 7:30 p.m.<\/p>\n\n\n\n<p>Desde que dio inicio las actividades culturales en el Tecnol\u00f3gico de Monterrey Campus Laguna, ha existido el grupo de danza, siempre enfocado a los eventos representativos tales como ensambles y obras musicales. A partir de 2017 se transforma en&nbsp;<strong><em>Compa\u00f1\u00eda de Danza<\/em><\/strong>&nbsp;donde las integrantes entran en una formaci\u00f3n m\u00e1s profesional e integral.&nbsp;&nbsp;<\/p>\n\n\n\n<p>Posteriormente, la agrupaci\u00f3n se propone el desaf\u00edo de experimentar procesos de creaci\u00f3n que la lleve a contar con un repertorio original. La primera obra puesta en escena que se gest\u00f3 llevaba por nombre&nbsp;<strong><em>\u201cV\u00ednculo\u201d<\/em><\/strong>, donde las participantes fueron cocreadoras y se permitieron generar un lenguaje coreogr\u00e1fico desde sus propias experiencias en temas tales como: amor, vulnerabilidad, desencuentro.&nbsp;&nbsp;<\/p>\n\n\n\n<p>Este a\u00f1o la compa\u00f1\u00eda prepara su segunda puesta en escena de gran formato titulada\u00a0\u00ab<strong><em>Esencia<\/em><\/strong>\u00ab.<\/p>\n\n\n\n<p><strong><em>\u00abEsencia\u00bb<\/em><\/strong>&nbsp;es una pieza de danza contempor\u00e1nea que explora el tema de la p\u00e9rdida y el redescubrimiento de la esencia humana. A medida que avanza la pieza, las bailarinas comienzan a perder su conexi\u00f3n consigo mismas. Sin embargo, en el cl\u00edmax de la pieza, las bailarinas tienen un momento de revelaci\u00f3n y comienzan a recordar su conexi\u00f3n con su esencia. Finalmente, termina con una conexi\u00f3n renovada de cada una de las bailarinas.<\/p>\n\n\n\n<p>Este programa se presentar\u00e1 tambi\u00e9n en Parras de la Fuente, Coahuila, el 30 de Marzo y el 09 de Abril en teatro Alberto M. Alvarado de la ciudad de G\u00f3mez Palacio, Durango.<\/p>\n\n\n\n<p>La entrada tendr\u00e1 un costo de $150.00.<\/p>\n","protected":false},"excerpt":{"rendered":"<p>La compa\u00f1\u00eda de danza del Tecnol\u00f3gico de Monterrey prepara su segundo montaje esc\u00e9nico titulado \u00abEsencia\u00bb, bajo la direcci\u00f3n del maestro Jes\u00fas Garc\u00eda. El estreno de este programa se llevar\u00e1 a &hellip; <a href=\"https:\/\/lavereda.com.mx\/index.php\/2025\/03\/24\/compania-de-danza-del-tec-de-monterrey-presenta-esencia\/\" class=\"more-link\">Leer m\u00e1s<\/a><\/p>\n","protected":false},"author":9,"featured_media":6639,"comment_status":"open","ping_status":"open","sticky":false,"template":"","format":"standard","meta":{"footnotes":""},"categories":[2,18],"tags":[],"class_list":["post-6638","post","type-post","status-publish","format-standard","has-post-thumbnail","hentry","category-artes-escenicas","category-lomasrelevante","entry"],"_links":{"self":[{"href":"https:\/\/lavereda.com.mx\/index.php\/wp-json\/wp\/v2\/posts\/6638","targetHints":{"allow":["GET"]}}],"collection":[{"href":"https:\/\/lavereda.com.mx\/index.php\/wp-json\/wp\/v2\/posts"}],"about":[{"href":"https:\/\/lavereda.com.mx\/index.php\/wp-json\/wp\/v2\/types\/post"}],"author":[{"embeddable":true,"href":"https:\/\/lavereda.com.mx\/index.php\/wp-json\/wp\/v2\/users\/9"}],"replies":[{"embeddable":true,"href":"https:\/\/lavereda.com.mx\/index.php\/wp-json\/wp\/v2\/comments?post=6638"}],"version-history":[{"count":1,"href":"https:\/\/lavereda.com.mx\/index.php\/wp-json\/wp\/v2\/posts\/6638\/revisions"}],"predecessor-version":[{"id":6640,"href":"https:\/\/lavereda.com.mx\/index.php\/wp-json\/wp\/v2\/posts\/6638\/revisions\/6640"}],"wp:featuredmedia":[{"embeddable":true,"href":"https:\/\/lavereda.com.mx\/index.php\/wp-json\/wp\/v2\/media\/6639"}],"wp:attachment":[{"href":"https:\/\/lavereda.com.mx\/index.php\/wp-json\/wp\/v2\/media?parent=6638"}],"wp:term":[{"taxonomy":"category","embeddable":true,"href":"https:\/\/lavereda.com.mx\/index.php\/wp-json\/wp\/v2\/categories?post=6638"},{"taxonomy":"post_tag","embeddable":true,"href":"https:\/\/lavereda.com.mx\/index.php\/wp-json\/wp\/v2\/tags?post=6638"}],"curies":[{"name":"wp","href":"https:\/\/api.w.org\/{rel}","templated":true}]}}