{"id":6635,"date":"2025-03-23T16:05:28","date_gmt":"2025-03-23T16:05:28","guid":{"rendered":"https:\/\/lavereda.com.mx\/?p=6635"},"modified":"2025-03-23T16:05:28","modified_gmt":"2025-03-23T16:05:28","slug":"adolescencia","status":"publish","type":"post","link":"https:\/\/lavereda.com.mx\/index.php\/2025\/03\/23\/adolescencia\/","title":{"rendered":"Adolescencia"},"content":{"rendered":"\n<p>Adolescence (2025)<\/p>\n\n\n\n<p>Netflix<\/p>\n\n\n\n<p>En Inglaterra, Jamie, de 13 a\u00f1os, es acusado de asesinar a pu\u00f1aladas a su compa\u00f1era de aula de la secundaria.<\/p>\n\n\n\n<p>Pese a las evidencias abrumadoras, los padres se niegan a aceptar la realidad y el ni\u00f1o rechaza todo. Hasta que la ley se activa, para procesarlo, como presunto responsable.<\/p>\n\n\n\n<p>Hay un interesante planteamiento de la miniserie de cuatro episodios, que consta, cada uno, de un largo y \u00fanico plano secuencia de una hora, en el que se narran etapas de los hechos posteriores al crimen.<\/p>\n\n\n\n<p>Las palmas se las lleva el actor Owen Cooper, que interpreta al ni\u00f1o incriminado con una asombrosa madurez histri\u00f3nica.<\/p>\n\n\n\n<p>La serie tiene un toque social amargo, al mostrar a los padres las consecuencias de la desatenci\u00f3n de los ni\u00f1os. Tambi\u00e9n advierte sobre los peligros de permitirles exponer su vida en redes sociales y su influencia perniciosa.<\/p>\n\n\n\n<p>Es cruda y escalofriante.<\/p>\n\n\n\n<p>(NC-17. No apto para menores de 18)<\/p>\n\n\n\n<p>@LucianoCamposG<\/p>\n\n\n\n<figure class=\"wp-block-embed is-type-video is-provider-youtube wp-block-embed-youtube wp-embed-aspect-16-9 wp-has-aspect-ratio\"><div class=\"wp-block-embed__wrapper\">\n<iframe title=\"Adolescencia (SUBTITULADO) | Tr\u00e1iler oficial | Netflix\" width=\"1170\" height=\"658\" src=\"https:\/\/www.youtube.com\/embed\/dLMviZAie0c?feature=oembed\" frameborder=\"0\" allow=\"accelerometer; autoplay; clipboard-write; encrypted-media; gyroscope; picture-in-picture; web-share\" referrerpolicy=\"strict-origin-when-cross-origin\" allowfullscreen><\/iframe>\n<\/div><\/figure>\n","protected":false},"excerpt":{"rendered":"<p>Adolescence (2025) Netflix En Inglaterra, Jamie, de 13 a\u00f1os, es acusado de asesinar a pu\u00f1aladas a su compa\u00f1era de aula de la secundaria. Pese a las evidencias abrumadoras, los padres &hellip; <a href=\"https:\/\/lavereda.com.mx\/index.php\/2025\/03\/23\/adolescencia\/\" class=\"more-link\">Leer m\u00e1s<\/a><\/p>\n","protected":false},"author":3,"featured_media":6636,"comment_status":"open","ping_status":"open","sticky":false,"template":"","format":"standard","meta":{"footnotes":""},"categories":[6],"tags":[224,40,56],"class_list":["post-6635","post","type-post","status-publish","format-standard","has-post-thumbnail","hentry","category-cinetv","tag-adolescencia","tag-cine","tag-netflix","entry"],"_links":{"self":[{"href":"https:\/\/lavereda.com.mx\/index.php\/wp-json\/wp\/v2\/posts\/6635","targetHints":{"allow":["GET"]}}],"collection":[{"href":"https:\/\/lavereda.com.mx\/index.php\/wp-json\/wp\/v2\/posts"}],"about":[{"href":"https:\/\/lavereda.com.mx\/index.php\/wp-json\/wp\/v2\/types\/post"}],"author":[{"embeddable":true,"href":"https:\/\/lavereda.com.mx\/index.php\/wp-json\/wp\/v2\/users\/3"}],"replies":[{"embeddable":true,"href":"https:\/\/lavereda.com.mx\/index.php\/wp-json\/wp\/v2\/comments?post=6635"}],"version-history":[{"count":1,"href":"https:\/\/lavereda.com.mx\/index.php\/wp-json\/wp\/v2\/posts\/6635\/revisions"}],"predecessor-version":[{"id":6637,"href":"https:\/\/lavereda.com.mx\/index.php\/wp-json\/wp\/v2\/posts\/6635\/revisions\/6637"}],"wp:featuredmedia":[{"embeddable":true,"href":"https:\/\/lavereda.com.mx\/index.php\/wp-json\/wp\/v2\/media\/6636"}],"wp:attachment":[{"href":"https:\/\/lavereda.com.mx\/index.php\/wp-json\/wp\/v2\/media?parent=6635"}],"wp:term":[{"taxonomy":"category","embeddable":true,"href":"https:\/\/lavereda.com.mx\/index.php\/wp-json\/wp\/v2\/categories?post=6635"},{"taxonomy":"post_tag","embeddable":true,"href":"https:\/\/lavereda.com.mx\/index.php\/wp-json\/wp\/v2\/tags?post=6635"}],"curies":[{"name":"wp","href":"https:\/\/api.w.org\/{rel}","templated":true}]}}