{"id":6632,"date":"2025-03-21T01:17:43","date_gmt":"2025-03-21T01:17:43","guid":{"rendered":"https:\/\/lavereda.com.mx\/?p=6632"},"modified":"2025-03-21T01:17:43","modified_gmt":"2025-03-21T01:17:43","slug":"fabrica-de-arte-presenta-cartelera-teatral-de-marzo","status":"publish","type":"post","link":"https:\/\/lavereda.com.mx\/index.php\/2025\/03\/21\/fabrica-de-arte-presenta-cartelera-teatral-de-marzo\/","title":{"rendered":"F\u00e1brica de Arte presenta cartelera teatral de marzo"},"content":{"rendered":"\n<p>El proyecto cultural F\u00e1brica de Arte anunci\u00f3 la cartelera de actividades de la segunda quincena de marzo, que incluye tres presentaciones teatrales en el escenario ubicado en avenida Morelos de Torre\u00f3n.<\/p>\n\n\n\n<p>Las actividades comienzan este 21 de marzo con el espect\u00e1culo musical \u201cTres latino\u201d a las 21:30 horas.<\/p>\n\n\n\n<p>El s\u00e1bado 22 de marzo se presentar\u00e1 el estreno de la obra teatral infantil \u201cMakakiko y su aventura ecologista\u201d una obra escrita por Disley Rodr\u00edguez Asencio. Las funciones ser\u00e1n a las 17:00 y 19:00 horas.<\/p>\n\n\n\n<p>La obra nos habla de un mundo al borde del colapso clim\u00e1tico, un mono llamado Makakiko se convierte en el inesperado h\u00e9roe. Con la gu\u00eda y la sabidur\u00eda del l\u00edder de los simios, aunado a su inteligencia y astucia, tendr\u00e1 que reunir un equipo de primer nivel para lograr preservar por m\u00e1s tiempo los recursos naturales y el planeta.<\/p>\n\n\n\n<p>Bajo la direcci\u00f3n de Claudia Isabel Mon\u00e1rrez y Disley Rodr\u00edguez, se desarrolla esta pieza de teatro infantil interactivo, donde el bailar\u00edn, maestro y core\u00f3grafo Gustavo Garc\u00eda encarnar\u00e1 el rol de Makakiko el monito, mientras que el artista circense y clown Issac Hern\u00e1ndez tendr\u00e1 a su cargo los personajes de Makira, un viejo simio y Robert\u00f3n un jefe de obra.<\/p>\n\n\n\n<p>Finalmente se presentar\u00e1 el espect\u00e1culo esc\u00e9nico \u201cGu\u00e1rdame un columpio\u201d, con el libreto y m\u00fasica original de Rodolfo Padilla y producci\u00f3n de Casa Creativa, el viernes 28 de marzo a las 19:00 horas.<\/p>\n","protected":false},"excerpt":{"rendered":"<p>El proyecto cultural F\u00e1brica de Arte anunci\u00f3 la cartelera de actividades de la segunda quincena de marzo, que incluye tres presentaciones teatrales en el escenario ubicado en avenida Morelos de &hellip; <a href=\"https:\/\/lavereda.com.mx\/index.php\/2025\/03\/21\/fabrica-de-arte-presenta-cartelera-teatral-de-marzo\/\" class=\"more-link\">Leer m\u00e1s<\/a><\/p>\n","protected":false},"author":9,"featured_media":6633,"comment_status":"open","ping_status":"open","sticky":false,"template":"","format":"standard","meta":{"footnotes":""},"categories":[2,18],"tags":[],"class_list":["post-6632","post","type-post","status-publish","format-standard","has-post-thumbnail","hentry","category-artes-escenicas","category-lomasrelevante","entry"],"_links":{"self":[{"href":"https:\/\/lavereda.com.mx\/index.php\/wp-json\/wp\/v2\/posts\/6632","targetHints":{"allow":["GET"]}}],"collection":[{"href":"https:\/\/lavereda.com.mx\/index.php\/wp-json\/wp\/v2\/posts"}],"about":[{"href":"https:\/\/lavereda.com.mx\/index.php\/wp-json\/wp\/v2\/types\/post"}],"author":[{"embeddable":true,"href":"https:\/\/lavereda.com.mx\/index.php\/wp-json\/wp\/v2\/users\/9"}],"replies":[{"embeddable":true,"href":"https:\/\/lavereda.com.mx\/index.php\/wp-json\/wp\/v2\/comments?post=6632"}],"version-history":[{"count":1,"href":"https:\/\/lavereda.com.mx\/index.php\/wp-json\/wp\/v2\/posts\/6632\/revisions"}],"predecessor-version":[{"id":6634,"href":"https:\/\/lavereda.com.mx\/index.php\/wp-json\/wp\/v2\/posts\/6632\/revisions\/6634"}],"wp:featuredmedia":[{"embeddable":true,"href":"https:\/\/lavereda.com.mx\/index.php\/wp-json\/wp\/v2\/media\/6633"}],"wp:attachment":[{"href":"https:\/\/lavereda.com.mx\/index.php\/wp-json\/wp\/v2\/media?parent=6632"}],"wp:term":[{"taxonomy":"category","embeddable":true,"href":"https:\/\/lavereda.com.mx\/index.php\/wp-json\/wp\/v2\/categories?post=6632"},{"taxonomy":"post_tag","embeddable":true,"href":"https:\/\/lavereda.com.mx\/index.php\/wp-json\/wp\/v2\/tags?post=6632"}],"curies":[{"name":"wp","href":"https:\/\/api.w.org\/{rel}","templated":true}]}}