{"id":6619,"date":"2025-03-18T19:37:57","date_gmt":"2025-03-18T19:37:57","guid":{"rendered":"https:\/\/lavereda.com.mx\/?p=6619"},"modified":"2025-03-18T19:39:06","modified_gmt":"2025-03-18T19:39:06","slug":"llega-a-torreon-da-vinci-immersive","status":"publish","type":"post","link":"https:\/\/lavereda.com.mx\/index.php\/2025\/03\/18\/llega-a-torreon-da-vinci-immersive\/","title":{"rendered":"Llega a Torre\u00f3n \u00abDa Vinci Immersive\u00bb\u00a0"},"content":{"rendered":"\n<p>Conocer el legado de uno de los m\u00e1s grandes genios de la humanidad, ahora es posible en Torre\u00f3n. A partir del 8 de marzo est\u00e1 abierta la exposici\u00f3n \u00abDa Vinci Immersive\u00bb en Plaza Cuatro Caminos, una experiencia multi sensorial que celebra al genio del Renacimiento.<\/p>\n\n\n\n<p>\u00abDa Vinci Immersive\u00bb,&nbsp;&nbsp;&nbsp;lleg\u00f3 a nuestra ciudad por una corta temporada para rendir homenaje a una de las figuras m\u00e1s influyentes de la historia y celebrar al genio del Renacimiento que sent\u00f3 las bases de numerosas invenciones modernas, a trav\u00e9s de una impactante muestra multimedia e inmersiva presentada por \u00abSensea Immersive\u00bb en Plaza Cuatro Caminos.<\/p>\n\n\n\n<p>La muestra, instalada en un espacio de m\u00e1s de 700 m2 en el estacionamiento de la plaza,&nbsp;&nbsp;permite a los visitantes adentrarse en la mente de este genio renacentista a trav\u00e9s de una experiencia tecnol\u00f3gica que combina arte y ciencia. La exposici\u00f3n incluye: <\/p>\n\n\n\n<p>-Proyecciones a 360 grados que sumergen al espectador en sus obras.<\/p>\n\n\n\n<p>-Una zona de realidad virtual donde los asistentes podr\u00e1n explorar algunas de sus m\u00e1s revolucionarias creaciones.<\/p>\n\n\n\n<p>-La exhibici\u00f3n de m\u00e1quinas a escala real basadas en los dise\u00f1os originales de Leonardo.<\/p>\n\n\n\n<p>-Experiencias visuales interactivas que permiten un acercamiento multisensorial a su legado, en 4 de sus facetas mas representativas: Anatomista-Arquitecto-Ingeniero-Pintor.<\/p>\n\n\n\n<p>Los horarios para recorrer esta exposici\u00f3n son de 11:00 a  19:00 horas. Los accesos se pueden comprar en taquilla de Plaza Cuatro Caminos y en la p\u00e1gina <a href=\"https:\/\/www.davinciexperience.mx\">https:\/\/www.davinciexperience.mx<\/a>.<\/p>\n\n\n\n<figure class=\"wp-block-image size-full is-resized\"><img fetchpriority=\"high\" decoding=\"async\" width=\"1000\" height=\"665\" src=\"https:\/\/lavereda.com.mx\/wp-content\/uploads\/2025\/03\/Da-Vinci-75.jpg\" alt=\"\" class=\"wp-image-6622\" style=\"width:482px;height:auto\" srcset=\"https:\/\/lavereda.com.mx\/wp-content\/uploads\/2025\/03\/Da-Vinci-75.jpg 1000w, https:\/\/lavereda.com.mx\/wp-content\/uploads\/2025\/03\/Da-Vinci-75-300x200.jpg 300w, https:\/\/lavereda.com.mx\/wp-content\/uploads\/2025\/03\/Da-Vinci-75-768x511.jpg 768w\" sizes=\"(max-width: 1000px) 100vw, 1000px\" \/><\/figure>\n\n\n\n<p><\/p>\n\n\n\n<p><\/p>\n","protected":false},"excerpt":{"rendered":"<p>Conocer el legado de uno de los m\u00e1s grandes genios de la humanidad, ahora es posible en Torre\u00f3n. A partir del 8 de marzo est\u00e1 abierta la exposici\u00f3n \u00abDa Vinci &hellip; <a href=\"https:\/\/lavereda.com.mx\/index.php\/2025\/03\/18\/llega-a-torreon-da-vinci-immersive\/\" class=\"more-link\">Leer m\u00e1s<\/a><\/p>\n","protected":false},"author":9,"featured_media":6621,"comment_status":"open","ping_status":"open","sticky":false,"template":"","format":"standard","meta":{"footnotes":""},"categories":[3,18],"tags":[],"class_list":["post-6619","post","type-post","status-publish","format-standard","has-post-thumbnail","hentry","category-artes-visuales","category-lomasrelevante","entry"],"_links":{"self":[{"href":"https:\/\/lavereda.com.mx\/index.php\/wp-json\/wp\/v2\/posts\/6619","targetHints":{"allow":["GET"]}}],"collection":[{"href":"https:\/\/lavereda.com.mx\/index.php\/wp-json\/wp\/v2\/posts"}],"about":[{"href":"https:\/\/lavereda.com.mx\/index.php\/wp-json\/wp\/v2\/types\/post"}],"author":[{"embeddable":true,"href":"https:\/\/lavereda.com.mx\/index.php\/wp-json\/wp\/v2\/users\/9"}],"replies":[{"embeddable":true,"href":"https:\/\/lavereda.com.mx\/index.php\/wp-json\/wp\/v2\/comments?post=6619"}],"version-history":[{"count":3,"href":"https:\/\/lavereda.com.mx\/index.php\/wp-json\/wp\/v2\/posts\/6619\/revisions"}],"predecessor-version":[{"id":6624,"href":"https:\/\/lavereda.com.mx\/index.php\/wp-json\/wp\/v2\/posts\/6619\/revisions\/6624"}],"wp:featuredmedia":[{"embeddable":true,"href":"https:\/\/lavereda.com.mx\/index.php\/wp-json\/wp\/v2\/media\/6621"}],"wp:attachment":[{"href":"https:\/\/lavereda.com.mx\/index.php\/wp-json\/wp\/v2\/media?parent=6619"}],"wp:term":[{"taxonomy":"category","embeddable":true,"href":"https:\/\/lavereda.com.mx\/index.php\/wp-json\/wp\/v2\/categories?post=6619"},{"taxonomy":"post_tag","embeddable":true,"href":"https:\/\/lavereda.com.mx\/index.php\/wp-json\/wp\/v2\/tags?post=6619"}],"curies":[{"name":"wp","href":"https:\/\/api.w.org\/{rel}","templated":true}]}}