{"id":6584,"date":"2025-02-27T01:02:07","date_gmt":"2025-02-27T01:02:07","guid":{"rendered":"https:\/\/lavereda.com.mx\/?p=6584"},"modified":"2025-02-27T01:02:08","modified_gmt":"2025-02-27T01:02:08","slug":"dan-claquetazo-oficial-de-la-pelicula-sin-decir-adios","status":"publish","type":"post","link":"https:\/\/lavereda.com.mx\/index.php\/2025\/02\/27\/dan-claquetazo-oficial-de-la-pelicula-sin-decir-adios\/","title":{"rendered":"Dan claquetazo oficial de la pel\u00edcula \u201cSin decir adi\u00f3s\u201d"},"content":{"rendered":"\n<p>La ciudad de Torre\u00f3n es sede de la filmaci\u00f3n del largometraje \u00abSin Decir Adi\u00f3s\u00bb, primer proyecto dirigido por la actriz lagunera Cristina Rodlo. Este martes se realiz\u00f3 el claquetazo a las grabaciones con la presencia del gobernador de Coahuila, Manolo Jim\u00e9nez Salinas, y en representaci\u00f3n del alcalde Rom\u00e1n Alberto Cepeda Gonz\u00e1lez, el secretario del Ayuntamiento, Jos\u00e9 El\u00edas Ganem.<\/p>\n\n\n\n<p>Manolo Jim\u00e9nez dijo que lo m\u00e1s destacado es que la historia, m\u00e1s all\u00e1 de que se filme en Torre\u00f3n, est\u00e1 sumamente ligada a la ciudad.<\/p>\n\n\n\n<p>&nbsp;\u00abMe llam\u00f3 mucho la atenci\u00f3n del largometraje, que su trama gira en torno a una familia de Torre\u00f3n, que vive en Torre\u00f3n, y esto nos hace mucho sentido, que quien lo dirige sea de Torre\u00f3n, y que se promocione a la ciudad, haciendo sentido a nuestro proyecto general tanto econ\u00f3mico como tur\u00edstico\u00bb, manifest\u00f3.<\/p>\n\n\n\n<p>\u00abSin Decir Adi\u00f3s\u00bb narra la historia de una joven de Torre\u00f3n que, tras enfrentar una tragedia familiar, decide alejarse de su hogar. A lo largo de su viaje personal, se da cuenta de que la \u00fanica forma de sanar es regresar a sus ra\u00edces y reconectar con su familia, quienes representan el v\u00ednculo esencial para superar sus heridas emocionales.<\/p>\n\n\n\n<p>En el filme se integrar\u00e1n alrededor de 485 extras laguneros, promoviendo la participaci\u00f3n de la comunidad en la producci\u00f3n.<\/p>\n\n\n\n<p>Se utilizar\u00e1n 35 locaciones en la ciudad, incluyendo espacios emblem\u00e1ticos como: Cristo de Las Noas, Parroquia de San Pedro Ap\u00f3stol, Bosque Venustiano Carranza, Feria de Torre\u00f3n, Calzada Col\u00f3n, Paseo Morelos, entre otros.<\/p>\n\n\n\n<p>La producci\u00f3n tiene un presupuesto de alrededor de 30 millones de pesos, y con ello viene una derrama econ\u00f3mica significativa durante la filmaci\u00f3n y estancia, beneficiando a sectores como hospedaje, transporte, alimentaci\u00f3n, renta de equipos y servicios locales.<\/p>\n\n\n\n<p>De esta manera desde el 10 de febrero y hasta el 15 de marzo, un equipo de m\u00e1s de 80 personas, entre elenco y producci\u00f3n, trabajar\u00e1 en la ciudad, grabando cada escena de este primer largometraje de Cristina Rodlo, quien dijo que el que se realice en Torre\u00f3n, viene de su deseo de rendir homenaje a su tierra natal y agradeci\u00f3 el apoyo de los gobiernos estatal y municipal, as\u00ed como el de los empresarios.<\/p>\n\n\n\n<p>El elenco de la pel\u00edcula est\u00e1 confirmado por actrices y actores como:&nbsp; Stephanie Sigman, Paola Fern\u00e1ndez y la compositora y actriz Cecilia Toussaint, as\u00ed como Gonzalo Vega Jr. y Luis R\u00e1bago, entre otros actores, as\u00ed como Olga Segura y Cristina Velasco, como productoras.<\/p>\n","protected":false},"excerpt":{"rendered":"<p>La ciudad de Torre\u00f3n es sede de la filmaci\u00f3n del largometraje \u00abSin Decir Adi\u00f3s\u00bb, primer proyecto dirigido por la actriz lagunera Cristina Rodlo. Este martes se realiz\u00f3 el claquetazo a &hellip; <a href=\"https:\/\/lavereda.com.mx\/index.php\/2025\/02\/27\/dan-claquetazo-oficial-de-la-pelicula-sin-decir-adios\/\" class=\"more-link\">Leer m\u00e1s<\/a><\/p>\n","protected":false},"author":9,"featured_media":6585,"comment_status":"open","ping_status":"open","sticky":false,"template":"","format":"standard","meta":{"footnotes":""},"categories":[6,18],"tags":[40,33],"class_list":["post-6584","post","type-post","status-publish","format-standard","has-post-thumbnail","hentry","category-cinetv","category-lomasrelevante","tag-cine","tag-torreon-2","entry"],"_links":{"self":[{"href":"https:\/\/lavereda.com.mx\/index.php\/wp-json\/wp\/v2\/posts\/6584","targetHints":{"allow":["GET"]}}],"collection":[{"href":"https:\/\/lavereda.com.mx\/index.php\/wp-json\/wp\/v2\/posts"}],"about":[{"href":"https:\/\/lavereda.com.mx\/index.php\/wp-json\/wp\/v2\/types\/post"}],"author":[{"embeddable":true,"href":"https:\/\/lavereda.com.mx\/index.php\/wp-json\/wp\/v2\/users\/9"}],"replies":[{"embeddable":true,"href":"https:\/\/lavereda.com.mx\/index.php\/wp-json\/wp\/v2\/comments?post=6584"}],"version-history":[{"count":1,"href":"https:\/\/lavereda.com.mx\/index.php\/wp-json\/wp\/v2\/posts\/6584\/revisions"}],"predecessor-version":[{"id":6586,"href":"https:\/\/lavereda.com.mx\/index.php\/wp-json\/wp\/v2\/posts\/6584\/revisions\/6586"}],"wp:featuredmedia":[{"embeddable":true,"href":"https:\/\/lavereda.com.mx\/index.php\/wp-json\/wp\/v2\/media\/6585"}],"wp:attachment":[{"href":"https:\/\/lavereda.com.mx\/index.php\/wp-json\/wp\/v2\/media?parent=6584"}],"wp:term":[{"taxonomy":"category","embeddable":true,"href":"https:\/\/lavereda.com.mx\/index.php\/wp-json\/wp\/v2\/categories?post=6584"},{"taxonomy":"post_tag","embeddable":true,"href":"https:\/\/lavereda.com.mx\/index.php\/wp-json\/wp\/v2\/tags?post=6584"}],"curies":[{"name":"wp","href":"https:\/\/api.w.org\/{rel}","templated":true}]}}