{"id":6577,"date":"2025-02-25T18:52:37","date_gmt":"2025-02-25T18:52:37","guid":{"rendered":"https:\/\/lavereda.com.mx\/?p=6577"},"modified":"2025-02-25T18:53:35","modified_gmt":"2025-02-25T18:53:35","slug":"el-monologo-mi-madre-y-yo-fue-estrenado-en-el-teatro-del-cat","status":"publish","type":"post","link":"https:\/\/lavereda.com.mx\/index.php\/2025\/02\/25\/el-monologo-mi-madre-y-yo-fue-estrenado-en-el-teatro-del-cat\/","title":{"rendered":"El mon\u00f3logo \u201cMi mam\u00e1 y yo\u201d fue estrenado en el Teatro del CAT"},"content":{"rendered":"\n<p>La historia de una hija y una madre que pasa por momentos de dudas, silencios, confusiones, instantes felices y tristes desde la ni\u00f1ez hasta la adolescencia, es contada a trav\u00e9s del mon\u00f3logo \u201cMi mam\u00e1 y yo\u201d.<\/p>\n\n\n\n<p>Este mon\u00f3logo escrito y actuado por Regina Delgado Villalobos, ganadora de la beca del PECDA Coahuila a los 15 a\u00f1os, fue estrenado el 20 de febrero en el Teatro del Centro de las Artes del Colegio Americano de Torre\u00f3n, con una segunda funci\u00f3n el lunes 24, bajo la direcci\u00f3n de Laura Borrego.<\/p>\n\n\n\n<p>En un formato de teatro intimista, Regina llev\u00f3 al p\u00fablico, principalmente adolescentes, a un recorrido por las etapas que viven, con sus respectivos miedos e incertidumbres, una hija y su madre desde el nacimiento, la etapa de la escuela, las amigas y la pubertad.<\/p>\n\n\n\n<figure class=\"wp-block-image size-large is-resized\"><img fetchpriority=\"high\" decoding=\"async\" width=\"768\" height=\"1024\" src=\"https:\/\/lavereda.com.mx\/wp-content\/uploads\/2025\/02\/IMG_3317-768x1024.jpg\" alt=\"\" class=\"wp-image-6579\" style=\"width:484px;height:auto\" srcset=\"https:\/\/lavereda.com.mx\/wp-content\/uploads\/2025\/02\/IMG_3317-768x1024.jpg 768w, https:\/\/lavereda.com.mx\/wp-content\/uploads\/2025\/02\/IMG_3317-225x300.jpg 225w, https:\/\/lavereda.com.mx\/wp-content\/uploads\/2025\/02\/IMG_3317.jpg 1100w\" sizes=\"(max-width: 768px) 100vw, 768px\" \/><\/figure>\n\n\n\n<p><\/p>\n\n\n\n<p>El texto que la propia Regina escribi\u00f3 refleja la relaci\u00f3n de una madre y una hija y los momentos en que los v\u00ednculos en todas las etapas de la vida se rompen y se vuelven a unir.&nbsp; Deja claro que el amor filial sale siempre a la luz, aun en los momentos m\u00e1s dif\u00edciles.<\/p>\n\n\n\n<p>La joven Regina, quien comenz\u00f3 con este proceso creativo hace dos a\u00f1os durante sus clases de teatro en el CAT, comparti\u00f3 que decidi\u00f3 enviar su propuesta a la convocatoria del PECDA el a\u00f1o pasado, un programa de apoyo a las artes para coahuilenses de todas las edades.<\/p>\n\n\n\n<p>Al saber que gan\u00f3 el apoyo comenz\u00f3 el trabajo creativo de la mano de su directora Laura Borrego. El resultado es un mon\u00f3logo con una historia entra\u00f1able, con la producci\u00f3n de Ricardo Bugar\u00edn, la producci\u00f3n de audio de Blanca Russek y la producci\u00f3n ejecutiva de Mar\u00eda Estela Morales.<\/p>\n\n\n\n<p>El mon\u00f3logo ser\u00e1 presentado pr\u00f3ximamente en otros espacios esc\u00e9nicos de la regi\u00f3n.<\/p>\n\n\n\n<figure class=\"wp-block-image size-large is-resized\"><img decoding=\"async\" width=\"768\" height=\"1024\" src=\"https:\/\/lavereda.com.mx\/wp-content\/uploads\/2025\/02\/IMG_3321-768x1024.jpg\" alt=\"\" class=\"wp-image-6581\" style=\"width:485px;height:auto\" srcset=\"https:\/\/lavereda.com.mx\/wp-content\/uploads\/2025\/02\/IMG_3321-768x1024.jpg 768w, https:\/\/lavereda.com.mx\/wp-content\/uploads\/2025\/02\/IMG_3321-225x300.jpg 225w, https:\/\/lavereda.com.mx\/wp-content\/uploads\/2025\/02\/IMG_3321.jpg 1000w\" sizes=\"(max-width: 768px) 100vw, 768px\" \/><\/figure>\n","protected":false},"excerpt":{"rendered":"<p>La historia de una hija y una madre que pasa por momentos de dudas, silencios, confusiones, instantes felices y tristes desde la ni\u00f1ez hasta la adolescencia, es contada a trav\u00e9s &hellip; <a href=\"https:\/\/lavereda.com.mx\/index.php\/2025\/02\/25\/el-monologo-mi-madre-y-yo-fue-estrenado-en-el-teatro-del-cat\/\" class=\"more-link\">Leer m\u00e1s<\/a><\/p>\n","protected":false},"author":9,"featured_media":6580,"comment_status":"open","ping_status":"open","sticky":false,"template":"","format":"standard","meta":{"footnotes":""},"categories":[2,18],"tags":[],"class_list":["post-6577","post","type-post","status-publish","format-standard","has-post-thumbnail","hentry","category-artes-escenicas","category-lomasrelevante","entry"],"_links":{"self":[{"href":"https:\/\/lavereda.com.mx\/index.php\/wp-json\/wp\/v2\/posts\/6577","targetHints":{"allow":["GET"]}}],"collection":[{"href":"https:\/\/lavereda.com.mx\/index.php\/wp-json\/wp\/v2\/posts"}],"about":[{"href":"https:\/\/lavereda.com.mx\/index.php\/wp-json\/wp\/v2\/types\/post"}],"author":[{"embeddable":true,"href":"https:\/\/lavereda.com.mx\/index.php\/wp-json\/wp\/v2\/users\/9"}],"replies":[{"embeddable":true,"href":"https:\/\/lavereda.com.mx\/index.php\/wp-json\/wp\/v2\/comments?post=6577"}],"version-history":[{"count":3,"href":"https:\/\/lavereda.com.mx\/index.php\/wp-json\/wp\/v2\/posts\/6577\/revisions"}],"predecessor-version":[{"id":6583,"href":"https:\/\/lavereda.com.mx\/index.php\/wp-json\/wp\/v2\/posts\/6577\/revisions\/6583"}],"wp:featuredmedia":[{"embeddable":true,"href":"https:\/\/lavereda.com.mx\/index.php\/wp-json\/wp\/v2\/media\/6580"}],"wp:attachment":[{"href":"https:\/\/lavereda.com.mx\/index.php\/wp-json\/wp\/v2\/media?parent=6577"}],"wp:term":[{"taxonomy":"category","embeddable":true,"href":"https:\/\/lavereda.com.mx\/index.php\/wp-json\/wp\/v2\/categories?post=6577"},{"taxonomy":"post_tag","embeddable":true,"href":"https:\/\/lavereda.com.mx\/index.php\/wp-json\/wp\/v2\/tags?post=6577"}],"curies":[{"name":"wp","href":"https:\/\/api.w.org\/{rel}","templated":true}]}}