{"id":6574,"date":"2025-02-23T16:17:30","date_gmt":"2025-02-23T16:17:30","guid":{"rendered":"https:\/\/lavereda.com.mx\/?p=6574"},"modified":"2025-02-23T16:17:31","modified_gmt":"2025-02-23T16:17:31","slug":"la-hermandad-silenciosa","status":"publish","type":"post","link":"https:\/\/lavereda.com.mx\/index.php\/2025\/02\/23\/la-hermandad-silenciosa\/","title":{"rendered":"La hermandad silenciosa"},"content":{"rendered":"\n<p><strong>The order (2024)<\/strong><\/p>\n\n\n\n<p>Prime Video<\/p>\n\n\n\n<p>Jude Law estelariza este soberbio drama criminal de acci\u00f3n, con tem\u00e1tica de complot terrorista.<\/p>\n\n\n\n<p>Nicholas Hoult, en otro de sus grandes papeles, es el l\u00edder de una agrupaci\u00f3n racista, neonazi, que detesta el extranjerismo en Estados Unidos. A trav\u00e9s de sucesivos robos a bancos busca financiamiento para emprender un ataque terrorista mayor, contra el Gobierno del pa\u00eds, con lo que espera iniciar una enloquecida revuelta.<\/p>\n\n\n\n<p>Law es un agente del FBI que lo anda persiguiendo para cazarlo y desactivar sus intenciones siniestras.<\/p>\n\n\n\n<p>La pel\u00edcula es un juego de gato y rat\u00f3n, con un trasfondo pol\u00edtico y social denso. En los lados opuestos de la ley se encuentran hombres y mujeres que llevan vidas dif\u00edciles, pero que deben sobreponerse para cumplir con sus objetivos.<\/p>\n\n\n\n<p>Magn\u00edfica.<\/p>\n\n\n\n<p>(R. Restringido; menores de 17 deben estar acompa\u00f1ados de sus padres)<\/p>\n\n\n\n<p>@LucianoCamposG<\/p>\n\n\n\n<figure class=\"wp-block-embed is-type-video is-provider-youtube wp-block-embed-youtube wp-embed-aspect-16-9 wp-has-aspect-ratio\"><div class=\"wp-block-embed__wrapper\">\n<iframe title=\"THE ORDER Trailer (2024) SUBTITULADO \/ LA HERMANDAD SILENCIOSA Trailer [HD La orden Trailer-Jude Law\" width=\"1170\" height=\"658\" src=\"https:\/\/www.youtube.com\/embed\/iTIHpF5IZm8?feature=oembed\" frameborder=\"0\" allow=\"accelerometer; autoplay; clipboard-write; encrypted-media; gyroscope; picture-in-picture; web-share\" referrerpolicy=\"strict-origin-when-cross-origin\" allowfullscreen><\/iframe>\n<\/div><\/figure>\n","protected":false},"excerpt":{"rendered":"<p>The order (2024) Prime Video Jude Law estelariza este soberbio drama criminal de acci\u00f3n, con tem\u00e1tica de complot terrorista. Nicholas Hoult, en otro de sus grandes papeles, es el l\u00edder &hellip; <a href=\"https:\/\/lavereda.com.mx\/index.php\/2025\/02\/23\/la-hermandad-silenciosa\/\" class=\"more-link\">Leer m\u00e1s<\/a><\/p>\n","protected":false},"author":3,"featured_media":6575,"comment_status":"open","ping_status":"open","sticky":false,"template":"","format":"standard","meta":{"footnotes":""},"categories":[6,18],"tags":[40,217],"class_list":["post-6574","post","type-post","status-publish","format-standard","has-post-thumbnail","hentry","category-cinetv","category-lomasrelevante","tag-cine","tag-jude-law","entry"],"_links":{"self":[{"href":"https:\/\/lavereda.com.mx\/index.php\/wp-json\/wp\/v2\/posts\/6574","targetHints":{"allow":["GET"]}}],"collection":[{"href":"https:\/\/lavereda.com.mx\/index.php\/wp-json\/wp\/v2\/posts"}],"about":[{"href":"https:\/\/lavereda.com.mx\/index.php\/wp-json\/wp\/v2\/types\/post"}],"author":[{"embeddable":true,"href":"https:\/\/lavereda.com.mx\/index.php\/wp-json\/wp\/v2\/users\/3"}],"replies":[{"embeddable":true,"href":"https:\/\/lavereda.com.mx\/index.php\/wp-json\/wp\/v2\/comments?post=6574"}],"version-history":[{"count":1,"href":"https:\/\/lavereda.com.mx\/index.php\/wp-json\/wp\/v2\/posts\/6574\/revisions"}],"predecessor-version":[{"id":6576,"href":"https:\/\/lavereda.com.mx\/index.php\/wp-json\/wp\/v2\/posts\/6574\/revisions\/6576"}],"wp:featuredmedia":[{"embeddable":true,"href":"https:\/\/lavereda.com.mx\/index.php\/wp-json\/wp\/v2\/media\/6575"}],"wp:attachment":[{"href":"https:\/\/lavereda.com.mx\/index.php\/wp-json\/wp\/v2\/media?parent=6574"}],"wp:term":[{"taxonomy":"category","embeddable":true,"href":"https:\/\/lavereda.com.mx\/index.php\/wp-json\/wp\/v2\/categories?post=6574"},{"taxonomy":"post_tag","embeddable":true,"href":"https:\/\/lavereda.com.mx\/index.php\/wp-json\/wp\/v2\/tags?post=6574"}],"curies":[{"name":"wp","href":"https:\/\/api.w.org\/{rel}","templated":true}]}}