{"id":6562,"date":"2025-02-19T00:01:24","date_gmt":"2025-02-19T00:01:24","guid":{"rendered":"https:\/\/lavereda.com.mx\/?p=6562"},"modified":"2025-02-20T23:06:55","modified_gmt":"2025-02-20T23:06:55","slug":"la-bella-durmiente-de-tchaikovsky-sonara-con-camerata-de-coahuila","status":"publish","type":"post","link":"https:\/\/lavereda.com.mx\/index.php\/2025\/02\/19\/la-bella-durmiente-de-tchaikovsky-sonara-con-camerata-de-coahuila\/","title":{"rendered":"La Bella Durmiente de Tchaikovsky sonar\u00e1 con Camerata de Coahuila"},"content":{"rendered":"\n<p>Considerado un cl\u00e1sico del repertorio de ballet y de la m\u00fasica de concierto, la Bella Durmiente de Tchaikovsky llegar\u00e1 con Camerata de Coahuila en su cuarto concierto de la temporada Primavera-Verano 2025, bajo la direcci\u00f3n del Maestro Ethan Eager.<\/p>\n\n\n\n<p>Este concierto contar\u00e1 con dos presentaciones, el viernes 21 de febrero en punto de las 20:30 horas y el domingo 23 en punto de las 12 horas, en el Teatro Isauro Mart\u00ednez.<\/p>\n\n\n\n<p>En 1888, el Ballet Imperial de San Petersburgo (hoy Mariinsky) encarg\u00f3 a Tchaikovsky la m\u00fasica para el Ballet de La Bella Durmiente, el director del teatro Ivan Vsevolozhsky prometi\u00f3 al compositor una espl\u00e9ndida puesta en escena pagada gracias al patrocinio del zar Alejandro III.<br><\/p>\n\n\n\n<p>La historia se basa en el cuento franc\u00e9s del siglo XVII de Charles Perrault. El famoso core\u00f3grafo, Marius Petipa especific\u00f3 los detalles de cada n\u00famero, incluidos el tempo, el comp\u00e1s y la duraci\u00f3n. Tchaikovsky cooper\u00f3 plenamente con Petipa, proporcionando al ballet m\u00fasica de incomparable riqueza: una partitura de esplendor sinf\u00f3nico. <\/p>\n\n\n\n<p>Esencialmente el ballet fue escrito en 40 d\u00edas y solo tuvo revisiones menores durante los ensayos. La Bella Durmiente ha alcanzado el estatus de cl\u00e1sico dentro del repertorio del ballet, conocido y amado en su versi\u00f3n completa. Incluso solo su m\u00fasica en la sala de conciertos, transmite todo su encanto, es Tchaikovsky en su mejor momento.<br><\/p>\n\n\n\n<p><br><br><\/p>\n\n\n\n<p><\/p>\n","protected":false},"excerpt":{"rendered":"<p>Considerado un cl\u00e1sico del repertorio de ballet y de la m\u00fasica de concierto, la Bella Durmiente de Tchaikovsky llegar\u00e1 con Camerata de Coahuila en su cuarto concierto de la temporada &hellip; <a href=\"https:\/\/lavereda.com.mx\/index.php\/2025\/02\/19\/la-bella-durmiente-de-tchaikovsky-sonara-con-camerata-de-coahuila\/\" class=\"more-link\">Leer m\u00e1s<\/a><\/p>\n","protected":false},"author":9,"featured_media":6564,"comment_status":"open","ping_status":"open","sticky":false,"template":"","format":"standard","meta":{"footnotes":""},"categories":[18,4],"tags":[26,212,213],"class_list":["post-6562","post","type-post","status-publish","format-standard","has-post-thumbnail","hentry","category-lomasrelevante","category-musica","tag-camerata-de-coahuila","tag-la-bella-durmiente","tag-tchaikovsky","entry"],"_links":{"self":[{"href":"https:\/\/lavereda.com.mx\/index.php\/wp-json\/wp\/v2\/posts\/6562","targetHints":{"allow":["GET"]}}],"collection":[{"href":"https:\/\/lavereda.com.mx\/index.php\/wp-json\/wp\/v2\/posts"}],"about":[{"href":"https:\/\/lavereda.com.mx\/index.php\/wp-json\/wp\/v2\/types\/post"}],"author":[{"embeddable":true,"href":"https:\/\/lavereda.com.mx\/index.php\/wp-json\/wp\/v2\/users\/9"}],"replies":[{"embeddable":true,"href":"https:\/\/lavereda.com.mx\/index.php\/wp-json\/wp\/v2\/comments?post=6562"}],"version-history":[{"count":4,"href":"https:\/\/lavereda.com.mx\/index.php\/wp-json\/wp\/v2\/posts\/6562\/revisions"}],"predecessor-version":[{"id":6567,"href":"https:\/\/lavereda.com.mx\/index.php\/wp-json\/wp\/v2\/posts\/6562\/revisions\/6567"}],"wp:featuredmedia":[{"embeddable":true,"href":"https:\/\/lavereda.com.mx\/index.php\/wp-json\/wp\/v2\/media\/6564"}],"wp:attachment":[{"href":"https:\/\/lavereda.com.mx\/index.php\/wp-json\/wp\/v2\/media?parent=6562"}],"wp:term":[{"taxonomy":"category","embeddable":true,"href":"https:\/\/lavereda.com.mx\/index.php\/wp-json\/wp\/v2\/categories?post=6562"},{"taxonomy":"post_tag","embeddable":true,"href":"https:\/\/lavereda.com.mx\/index.php\/wp-json\/wp\/v2\/tags?post=6562"}],"curies":[{"name":"wp","href":"https:\/\/api.w.org\/{rel}","templated":true}]}}