{"id":655,"date":"2020-09-26T16:41:00","date_gmt":"2020-09-26T16:41:00","guid":{"rendered":"http:\/\/lavereda.com.mx\/?p=655"},"modified":"2020-09-26T16:41:02","modified_gmt":"2020-09-26T16:41:02","slug":"transmitiran-entrega-de-los-premios-ariel-2020","status":"publish","type":"post","link":"https:\/\/lavereda.com.mx\/index.php\/2020\/09\/26\/transmitiran-entrega-de-los-premios-ariel-2020\/","title":{"rendered":"Transmitir\u00e1n entrega de los premios Ariel 2020"},"content":{"rendered":"\n<ul class=\"wp-block-list\"><li><strong>Adem\u00e1s de Canal 22 ser\u00e1 por Facebook Live de la Academia Mexicana de Artes y Ciencias Cinematogr\u00e1ficas<\/strong><\/li><\/ul>\n\n\n\n<p>La Secretar\u00eda de Cultura del Gobierno de M\u00e9xico inform\u00f3 que transmitir\u00e1 en vivo por Canal 22, el Canal Cultural de M\u00e9xico,\u00a0la ceremonia de la\u00a062 Entrega del Ariel para reconocer a lo m\u00e1s destacado de la producci\u00f3n cinematogr\u00e1fica nacional, estrenada durante 2019.<\/p>\n\n\n\n<p>La transmisi\u00f3n, que cuenta tambi\u00e9n con el apoyo del Instituto&nbsp;Mexicano de Cinematograf\u00eda,&nbsp;se llevar\u00e1 a cabo&nbsp;el&nbsp;pr\u00f3ximo domingo 27 de septiembre a las 20:30 horas por la se\u00f1al 22.1 de televisi\u00f3n abierta, en el Canal 22 Internacional en todo Estados Unidos y en la se\u00f1al 22.2 a las 21:30 horas; adem\u00e1s del Facebook Live de la Academia Mexicana de Artes y Ciencias Cinematogr\u00e1ficas y de la televisora (\/academiacinemx y \/Canal22Mexico). El Canal 14 lo transmitir\u00e1 a las 22:00 horas, a esta emisi\u00f3n se suman otras televisoras de la Red de Radiodifusoras y Televisoras Educativas y Culturales de M\u00e9xico.<\/p>\n\n\n\n<p>Los encargados de conducir la 62 Entrega del Ariel 2020 ser\u00e1n la actriz Ver\u00f3nica Toussaint, ganadora del Ariel como Mejor Actriz en 2018 por la pel\u00edcula&nbsp;<em>Oso Pola<\/em>r, y el director y productor Roberto Fiesco, ganador del Ariel en dos ocasiones (en 2014 a Mejor Largometraje Documental por&nbsp;<em>Quebranto<\/em>&nbsp;y en 2016 a Mejor Cortometraje de Ficci\u00f3n por&nbsp;<em>Tr\u00e9mulo<\/em>).<\/p>\n\n\n\n<p>Asimismo, anualmente&nbsp;la Academia entrega el Ariel de Oro, el cual&nbsp;simboliza la labor de excelencia que un integrante de la comunidad cinematogr\u00e1fica ha logrado a lo largo de su trayectoria, contribuyendo al desarrollo y crecimiento del cine mexicano.<\/p>\n\n\n\n<p>Este a\u00f1o, se otorgar\u00e1&nbsp;a la primera actriz Mar\u00eda Rojo, quien, con una extensa, s\u00f3lida y prol\u00edfera trayectoria en cine, teatro y televisi\u00f3n, ha participado en m\u00e1s de 80 pel\u00edculas y ser\u00e1 entregado por el cineasta Felipe Cazals, as\u00ed como a la destacada compositora Luc\u00eda \u00c1lvarez, quien cuenta con una amplia y notable carrera en la composici\u00f3n de m\u00fasica en las artes visuales, principalmente en cine y teatro, ha compuesto m\u00fasica para m\u00e1s de 20 pel\u00edculas y m\u00e1s de 30 obras de teatro, este reconocimiento ser\u00e1 entregado por la primera actriz Diana Bracho.<\/p>\n","protected":false},"excerpt":{"rendered":"<p>Adem\u00e1s de Canal 22 ser\u00e1 por Facebook Live de la Academia Mexicana de Artes y Ciencias Cinematogr\u00e1ficas La Secretar\u00eda de Cultura del Gobierno de M\u00e9xico inform\u00f3 que transmitir\u00e1 en vivo &hellip; <a href=\"https:\/\/lavereda.com.mx\/index.php\/2020\/09\/26\/transmitiran-entrega-de-los-premios-ariel-2020\/\" class=\"more-link\">Leer m\u00e1s<\/a><\/p>\n","protected":false},"author":1,"featured_media":656,"comment_status":"open","ping_status":"open","sticky":false,"template":"","format":"standard","meta":{"footnotes":""},"categories":[6,18],"tags":[],"class_list":["post-655","post","type-post","status-publish","format-standard","has-post-thumbnail","hentry","category-cinetv","category-lomasrelevante","entry"],"_links":{"self":[{"href":"https:\/\/lavereda.com.mx\/index.php\/wp-json\/wp\/v2\/posts\/655","targetHints":{"allow":["GET"]}}],"collection":[{"href":"https:\/\/lavereda.com.mx\/index.php\/wp-json\/wp\/v2\/posts"}],"about":[{"href":"https:\/\/lavereda.com.mx\/index.php\/wp-json\/wp\/v2\/types\/post"}],"author":[{"embeddable":true,"href":"https:\/\/lavereda.com.mx\/index.php\/wp-json\/wp\/v2\/users\/1"}],"replies":[{"embeddable":true,"href":"https:\/\/lavereda.com.mx\/index.php\/wp-json\/wp\/v2\/comments?post=655"}],"version-history":[{"count":1,"href":"https:\/\/lavereda.com.mx\/index.php\/wp-json\/wp\/v2\/posts\/655\/revisions"}],"predecessor-version":[{"id":657,"href":"https:\/\/lavereda.com.mx\/index.php\/wp-json\/wp\/v2\/posts\/655\/revisions\/657"}],"wp:featuredmedia":[{"embeddable":true,"href":"https:\/\/lavereda.com.mx\/index.php\/wp-json\/wp\/v2\/media\/656"}],"wp:attachment":[{"href":"https:\/\/lavereda.com.mx\/index.php\/wp-json\/wp\/v2\/media?parent=655"}],"wp:term":[{"taxonomy":"category","embeddable":true,"href":"https:\/\/lavereda.com.mx\/index.php\/wp-json\/wp\/v2\/categories?post=655"},{"taxonomy":"post_tag","embeddable":true,"href":"https:\/\/lavereda.com.mx\/index.php\/wp-json\/wp\/v2\/tags?post=655"}],"curies":[{"name":"wp","href":"https:\/\/api.w.org\/{rel}","templated":true}]}}