{"id":6519,"date":"2025-01-24T01:46:51","date_gmt":"2025-01-24T01:46:51","guid":{"rendered":"http:\/\/lavereda.com.mx\/?p=6519"},"modified":"2025-01-24T01:46:51","modified_gmt":"2025-01-24T01:46:51","slug":"inauguran-obra-pictorica-de-manuel-munoz-olivares","status":"publish","type":"post","link":"https:\/\/lavereda.com.mx\/index.php\/2025\/01\/24\/inauguran-obra-pictorica-de-manuel-munoz-olivares\/","title":{"rendered":"Inauguran obra pict\u00f3rica de Manuel Mu\u00f1oz Olivares"},"content":{"rendered":"\n<p>Este jueves fue develada la pintura titulada \u201cMiguel de Cervantes Saavedra\u201d, obra del artista lagunero Manuel Mu\u00f1oz Olivares, en la instituci\u00f3n que lleva su nombre en el municipio de Matamoros. En el acto estuvo presente el rector de la Universidad Aut\u00f3noma de Coahuila, Octavio Pimentel.<\/p>\n\n\n\n<p>La obra \u201cMiguel de Cervantes\u201d, \u00f3leo sobre tela con dimensiones de 80 por 100 cent\u00edmetros, estar\u00e1 junto a otras 12 litograf\u00edas de forma permanente en el Instituto \u201cManuel Mu\u00f1oz Olivares\u201d, una exposici\u00f3n abierta a la comunidad universitaria y al p\u00fablico en general.<\/p>\n\n\n\n<figure class=\"wp-block-image size-large is-resized\"><img fetchpriority=\"high\" decoding=\"async\" width=\"1024\" height=\"683\" src=\"https:\/\/lavereda.com.mx\/wp-content\/uploads\/2025\/01\/WhatsApp-Image-2025-01-23-at-5.37.11-PM-1-1024x683.jpeg\" alt=\"\" class=\"wp-image-6520\" style=\"width:503px;height:auto\" srcset=\"https:\/\/lavereda.com.mx\/wp-content\/uploads\/2025\/01\/WhatsApp-Image-2025-01-23-at-5.37.11-PM-1-1024x683.jpeg 1024w, https:\/\/lavereda.com.mx\/wp-content\/uploads\/2025\/01\/WhatsApp-Image-2025-01-23-at-5.37.11-PM-1-300x200.jpeg 300w, https:\/\/lavereda.com.mx\/wp-content\/uploads\/2025\/01\/WhatsApp-Image-2025-01-23-at-5.37.11-PM-1-768x512.jpeg 768w, https:\/\/lavereda.com.mx\/wp-content\/uploads\/2025\/01\/WhatsApp-Image-2025-01-23-at-5.37.11-PM-1.jpeg 1100w\" sizes=\"(max-width: 1024px) 100vw, 1024px\" \/><\/figure>\n\n\n\n<p><\/p>\n\n\n\n<p>Manuel Mu\u00f1oz Olivares, originario de Matamoros, fue un artista pl\u00e1stico de gran reconocimiento en M\u00e9xico y en el extranjero. En el a\u00f1o de 1962 imparti\u00f3 clases en el Instituto Nacional de Bellas Artes.<\/p>\n\n\n\n<p>Expuso su obra en Los \u00c1ngeles California, Nueva York, Miami, Londres, Par\u00eds y Madrid, donde a petici\u00f3n del entonces presidente de M\u00e9xico, Miguel de la Madrid Hurtado, realiz\u00f3 un \u00f3leo donde plasm\u00f3 al Rey de Espa\u00f1a Juan Carlos y a la Reina Sof\u00eda.<\/p>\n\n\n\n<p>La sala donde se exhibe esta obra tambi\u00e9n fue inaugurada y recibi\u00f3 el nombre del distinguido pintor, la cual formaba parte de la colecci\u00f3n permanente del Recinto Aurora Morales, un espacio cultural de la UAdeC en Saltillo.<\/p>\n\n\n\n<p>En Torre\u00f3n, en el Centro Cultural La Jabonera, se exhibe un mural sobre la historia de nuestra ciudad del artista lagunero, recientemente restaurado.<\/p>\n","protected":false},"excerpt":{"rendered":"<p>Este jueves fue develada la pintura titulada \u201cMiguel de Cervantes Saavedra\u201d, obra del artista lagunero Manuel Mu\u00f1oz Olivares, en la instituci\u00f3n que lleva su nombre en el municipio de Matamoros. &hellip; <a href=\"https:\/\/lavereda.com.mx\/index.php\/2025\/01\/24\/inauguran-obra-pictorica-de-manuel-munoz-olivares\/\" class=\"more-link\">Leer m\u00e1s<\/a><\/p>\n","protected":false},"author":9,"featured_media":6521,"comment_status":"open","ping_status":"open","sticky":false,"template":"","format":"standard","meta":{"footnotes":""},"categories":[3,18],"tags":[],"class_list":["post-6519","post","type-post","status-publish","format-standard","has-post-thumbnail","hentry","category-artes-visuales","category-lomasrelevante","entry"],"_links":{"self":[{"href":"https:\/\/lavereda.com.mx\/index.php\/wp-json\/wp\/v2\/posts\/6519","targetHints":{"allow":["GET"]}}],"collection":[{"href":"https:\/\/lavereda.com.mx\/index.php\/wp-json\/wp\/v2\/posts"}],"about":[{"href":"https:\/\/lavereda.com.mx\/index.php\/wp-json\/wp\/v2\/types\/post"}],"author":[{"embeddable":true,"href":"https:\/\/lavereda.com.mx\/index.php\/wp-json\/wp\/v2\/users\/9"}],"replies":[{"embeddable":true,"href":"https:\/\/lavereda.com.mx\/index.php\/wp-json\/wp\/v2\/comments?post=6519"}],"version-history":[{"count":1,"href":"https:\/\/lavereda.com.mx\/index.php\/wp-json\/wp\/v2\/posts\/6519\/revisions"}],"predecessor-version":[{"id":6522,"href":"https:\/\/lavereda.com.mx\/index.php\/wp-json\/wp\/v2\/posts\/6519\/revisions\/6522"}],"wp:featuredmedia":[{"embeddable":true,"href":"https:\/\/lavereda.com.mx\/index.php\/wp-json\/wp\/v2\/media\/6521"}],"wp:attachment":[{"href":"https:\/\/lavereda.com.mx\/index.php\/wp-json\/wp\/v2\/media?parent=6519"}],"wp:term":[{"taxonomy":"category","embeddable":true,"href":"https:\/\/lavereda.com.mx\/index.php\/wp-json\/wp\/v2\/categories?post=6519"},{"taxonomy":"post_tag","embeddable":true,"href":"https:\/\/lavereda.com.mx\/index.php\/wp-json\/wp\/v2\/tags?post=6519"}],"curies":[{"name":"wp","href":"https:\/\/api.w.org\/{rel}","templated":true}]}}