{"id":6516,"date":"2025-01-23T01:11:02","date_gmt":"2025-01-23T01:11:02","guid":{"rendered":"http:\/\/lavereda.com.mx\/?p=6516"},"modified":"2025-01-23T01:11:02","modified_gmt":"2025-01-23T01:11:02","slug":"musica-de-finlandia-en-el-segundo-concierto-de-temporada","status":"publish","type":"post","link":"https:\/\/lavereda.com.mx\/index.php\/2025\/01\/23\/musica-de-finlandia-en-el-segundo-concierto-de-temporada\/","title":{"rendered":"M\u00fasica de Finlandia en el segundo concierto de temporada"},"content":{"rendered":"\n<p>El compositor Jean Sibelius vivi\u00f3 en un periodo de intensos cambios socioculturales y pol\u00edticos en Finlandia. A finales del siglo XIX y principios del XX, Finlandia luchaba por consolidar su identidad nacional frente a la dominaci\u00f3n del Imperio Ruso.<\/p>\n\n\n\n<p>En este contexto se crea a la obra \u00abFinlandia\u00bb y la \u00abSinfon\u00eda no. 3 en Do Mayor\u00bb, que Camerata de Coahuila presentar\u00e1 en su segundo concierto de temporada de este 2025, el viernes 24 de enero. La cita es a las 20:30 horas en el Teatro Isauro Mart\u00ednez y se contar\u00e1 con la direcci\u00f3n del maestro Ethan Eager.<\/p>\n\n\n\n<p>Estrenada en Helsinki el 25 de septiembre de 1907, bajo la direcci\u00f3n del propio Sibelius, la Sinfon\u00eda no.3 en Do Mayor, Op. 52 representa una transici\u00f3n del romanticismo grandilocuente de sus dos primeras sinfon\u00edas hacia un lenguaje m\u00e1s concentrado y esencial, descrito por muchos como \u201cclasicismo moderno\u201d. Con una orquesta m\u00e1s reducida y una econom\u00eda musical cuidadosamente trabajada, Sibelius crea un discurso profundamente expresivo y \u00fanico.<\/p>\n\n\n\n<p>Compuesta en 1899, \u00abFinlandia\u00bb surgi\u00f3 como parte de una serie de piezas de m\u00fasica incidental creadas para un evento ben\u00e9fico que, bajo la apariencia de recaudar fondos para la pensi\u00f3n de periodistas, buscaba en realidad hacer un llamado a la libertad de prensa y a la independencia de Finlandia. Sibelius la<br>transform\u00f3 en un poema sinf\u00f3nico orquestal que se convirti\u00f3 en una de sus composiciones m\u00e1s c\u00e9lebres.<\/p>\n\n\n\n<p>Finlandia sigue siendo una de las composiciones m\u00e1s representativas de Sibelius y un testimonio del poder de la m\u00fasica para inspirar y unir a las personas frente a la adversidad.<\/p>\n","protected":false},"excerpt":{"rendered":"<p>El compositor Jean Sibelius vivi\u00f3 en un periodo de intensos cambios socioculturales y pol\u00edticos en Finlandia. A finales del siglo XIX y principios del XX, Finlandia luchaba por consolidar su &hellip; <a href=\"https:\/\/lavereda.com.mx\/index.php\/2025\/01\/23\/musica-de-finlandia-en-el-segundo-concierto-de-temporada\/\" class=\"more-link\">Leer m\u00e1s<\/a><\/p>\n","protected":false},"author":9,"featured_media":6517,"comment_status":"open","ping_status":"open","sticky":false,"template":"","format":"standard","meta":{"footnotes":""},"categories":[1],"tags":[],"class_list":["post-6516","post","type-post","status-publish","format-standard","has-post-thumbnail","hentry","category-uncategorized","entry"],"_links":{"self":[{"href":"https:\/\/lavereda.com.mx\/index.php\/wp-json\/wp\/v2\/posts\/6516","targetHints":{"allow":["GET"]}}],"collection":[{"href":"https:\/\/lavereda.com.mx\/index.php\/wp-json\/wp\/v2\/posts"}],"about":[{"href":"https:\/\/lavereda.com.mx\/index.php\/wp-json\/wp\/v2\/types\/post"}],"author":[{"embeddable":true,"href":"https:\/\/lavereda.com.mx\/index.php\/wp-json\/wp\/v2\/users\/9"}],"replies":[{"embeddable":true,"href":"https:\/\/lavereda.com.mx\/index.php\/wp-json\/wp\/v2\/comments?post=6516"}],"version-history":[{"count":1,"href":"https:\/\/lavereda.com.mx\/index.php\/wp-json\/wp\/v2\/posts\/6516\/revisions"}],"predecessor-version":[{"id":6518,"href":"https:\/\/lavereda.com.mx\/index.php\/wp-json\/wp\/v2\/posts\/6516\/revisions\/6518"}],"wp:featuredmedia":[{"embeddable":true,"href":"https:\/\/lavereda.com.mx\/index.php\/wp-json\/wp\/v2\/media\/6517"}],"wp:attachment":[{"href":"https:\/\/lavereda.com.mx\/index.php\/wp-json\/wp\/v2\/media?parent=6516"}],"wp:term":[{"taxonomy":"category","embeddable":true,"href":"https:\/\/lavereda.com.mx\/index.php\/wp-json\/wp\/v2\/categories?post=6516"},{"taxonomy":"post_tag","embeddable":true,"href":"https:\/\/lavereda.com.mx\/index.php\/wp-json\/wp\/v2\/tags?post=6516"}],"curies":[{"name":"wp","href":"https:\/\/api.w.org\/{rel}","templated":true}]}}