{"id":6502,"date":"2025-01-14T16:30:10","date_gmt":"2025-01-14T16:30:10","guid":{"rendered":"http:\/\/lavereda.com.mx\/?p=6502"},"modified":"2025-01-14T16:30:11","modified_gmt":"2025-01-14T16:30:11","slug":"inauguran-exposicion-de-fotografia-video-e-instalacion","status":"publish","type":"post","link":"https:\/\/lavereda.com.mx\/index.php\/2025\/01\/14\/inauguran-exposicion-de-fotografia-video-e-instalacion\/","title":{"rendered":"Inauguran exposici\u00f3n de fotograf\u00eda, video e instalaci\u00f3n"},"content":{"rendered":"\n<p>El Centro de las Artes del Norte inicia con el pie derecho el 2025 y ya preparan su primera exposici\u00f3n del a\u00f1o.<\/p>\n\n\n\n<p>\u00abSometimes As A Fog, Sometimes As a Shadow\u00bb\u00a0es la exposici\u00f3n de arte contempor\u00e1neo de los artistas torreonenses\u00a0Roberto Mascorro y Mariana Zertuche, cuya inauguraci\u00f3n se realizar\u00e1 el mi\u00e9rcoles 15 de enero en punto de las 17:00 horas, en la galer\u00eda de la instituci\u00f3n ubicada en Casa La Morelos.<\/p>\n\n\n\n<p>Se trata de una propuesta integrada por obra en formatos de\u00a0<strong>fotograf\u00eda, video, sonido e instalaci\u00f3n<\/strong>. Paralelo a la exposici\u00f3n, cada artista ofrecer\u00e1 adem\u00e1s, un taller experimental para expandir el lenguaje de su trabajo, como para fortalecer el proceso formativo del Centro de las Artes del Norte.<\/p>\n\n\n\n<p><strong>Roberto Mascorro\u00a0<\/strong>presenta una instalaci\u00f3n donde por medio de fotograf\u00eda, video y sonido, explora un profundo acercamiento filos\u00f3fico a la naturaleza. Mediante viajes aleatorios y derivas azarosas, Mascorro captura el momento preciso donde ciertos cruces de luz, sonido, texturas, temperatura y gravedad, le presentan posibilidades narrativas en torno a la fragilidad contempor\u00e1nea del momento de atenci\u00f3n plena.<\/p>\n\n\n\n<figure class=\"wp-block-image size-large is-resized\"><img fetchpriority=\"high\" decoding=\"async\" width=\"768\" height=\"1024\" src=\"https:\/\/lavereda.com.mx\/wp-content\/uploads\/2025\/01\/PHOTO-2025-01-14-09-53-15-768x1024.jpg\" alt=\"\" class=\"wp-image-6503\" style=\"width:409px;height:auto\" srcset=\"https:\/\/lavereda.com.mx\/wp-content\/uploads\/2025\/01\/PHOTO-2025-01-14-09-53-15-768x1024.jpg 768w, https:\/\/lavereda.com.mx\/wp-content\/uploads\/2025\/01\/PHOTO-2025-01-14-09-53-15-225x300.jpg 225w, https:\/\/lavereda.com.mx\/wp-content\/uploads\/2025\/01\/PHOTO-2025-01-14-09-53-15-1152x1536.jpg 1152w, https:\/\/lavereda.com.mx\/wp-content\/uploads\/2025\/01\/PHOTO-2025-01-14-09-53-15.jpg 1200w\" sizes=\"(max-width: 768px) 100vw, 768px\" \/><\/figure>\n\n\n\n<p><\/p>\n\n\n\n<p>Por su parte,\u00a0<strong>Mariana Zertuche\u00a0<\/strong>ha desarrollado una instalaci\u00f3n en torno a las posibilidades est\u00e9ticas de la Camera Oscura como dispositivo art\u00edstico. Mediante su trabajo, Mariana explora la forma en que se integran los discursos hist\u00f3ricos en torno a la imagen, principalmente en la fotograf\u00eda urbana-arquitect\u00f3nica.<\/p>\n\n\n\n<p>Como\u00a0<strong>complemento a la exposici\u00f3n<\/strong>, el jueves 16 a las 4 PM, Roberto Mascorro ofrecer\u00e1 un\u00a0<strong>taller a campo abierto de fotograf\u00eda<\/strong>, en un entorno natural de la regi\u00f3n. Adem\u00e1s, Mariana Zertuche impartir\u00e1 un\u00a0<strong>taller de Camera Oscur<\/strong>a en el Hotel R\u00edo Nizas, el viernes 17 a las 4 PM.<\/p>\n\n\n\n<p><strong>Sometimes As A Fog, Sometimes As a Shadow\u00a0<\/strong>es la primera exposici\u00f3n de Dystopia, un proyecto curatorial de Jos\u00e9 Jim\u00e9nez Ortiz en el Centro de las Artes del Norte durante todo.<\/p>\n\n\n\n<p>El Centro de Artes inform\u00f3 que el pr\u00f3ximo 3 de febrero inician los diplomados en artes visuales. Las inscripciones se encuentran abiertas.\u00a0<\/p>\n","protected":false},"excerpt":{"rendered":"<p>El Centro de las Artes del Norte inicia con el pie derecho el 2025 y ya preparan su primera exposici\u00f3n del a\u00f1o. \u00abSometimes As A Fog, Sometimes As a Shadow\u00bb\u00a0es &hellip; <a href=\"https:\/\/lavereda.com.mx\/index.php\/2025\/01\/14\/inauguran-exposicion-de-fotografia-video-e-instalacion\/\" class=\"more-link\">Leer m\u00e1s<\/a><\/p>\n","protected":false},"author":9,"featured_media":5958,"comment_status":"open","ping_status":"open","sticky":false,"template":"","format":"standard","meta":{"footnotes":""},"categories":[3,18],"tags":[],"class_list":["post-6502","post","type-post","status-publish","format-standard","has-post-thumbnail","hentry","category-artes-visuales","category-lomasrelevante","entry"],"_links":{"self":[{"href":"https:\/\/lavereda.com.mx\/index.php\/wp-json\/wp\/v2\/posts\/6502","targetHints":{"allow":["GET"]}}],"collection":[{"href":"https:\/\/lavereda.com.mx\/index.php\/wp-json\/wp\/v2\/posts"}],"about":[{"href":"https:\/\/lavereda.com.mx\/index.php\/wp-json\/wp\/v2\/types\/post"}],"author":[{"embeddable":true,"href":"https:\/\/lavereda.com.mx\/index.php\/wp-json\/wp\/v2\/users\/9"}],"replies":[{"embeddable":true,"href":"https:\/\/lavereda.com.mx\/index.php\/wp-json\/wp\/v2\/comments?post=6502"}],"version-history":[{"count":1,"href":"https:\/\/lavereda.com.mx\/index.php\/wp-json\/wp\/v2\/posts\/6502\/revisions"}],"predecessor-version":[{"id":6504,"href":"https:\/\/lavereda.com.mx\/index.php\/wp-json\/wp\/v2\/posts\/6502\/revisions\/6504"}],"wp:featuredmedia":[{"embeddable":true,"href":"https:\/\/lavereda.com.mx\/index.php\/wp-json\/wp\/v2\/media\/5958"}],"wp:attachment":[{"href":"https:\/\/lavereda.com.mx\/index.php\/wp-json\/wp\/v2\/media?parent=6502"}],"wp:term":[{"taxonomy":"category","embeddable":true,"href":"https:\/\/lavereda.com.mx\/index.php\/wp-json\/wp\/v2\/categories?post=6502"},{"taxonomy":"post_tag","embeddable":true,"href":"https:\/\/lavereda.com.mx\/index.php\/wp-json\/wp\/v2\/tags?post=6502"}],"curies":[{"name":"wp","href":"https:\/\/api.w.org\/{rel}","templated":true}]}}